{"id":88138,"date":"2020-06-06T14:22:48","date_gmt":"2020-06-06T18:22:48","guid":{"rendered":"https:\/\/linitiative.ca\/International\/risque-pays-fitch-ratings-re-calibre-lechelle-de-notation-de-la-tunisie\/"},"modified":"2020-06-06T14:22:48","modified_gmt":"2020-06-06T18:22:48","slug":"risque-pays-fitch-ratings-re-calibre-lechelle-de-notation-de-la-tunisie","status":"publish","type":"post","link":"https:\/\/linitiative.ca\/International\/risque-pays-fitch-ratings-re-calibre-lechelle-de-notation-de-la-tunisie\/","title":{"rendered":"Risque-pays : Fitch Ratings re-calibre l\u2019\u00e9chelle de notation de la Tunisie"},"content":{"rendered":"<p>Fitch Ratings a re-calibr\u00e9 son \u00e9chelle de notation nationale tunisienne. Cela refl\u00e8te l\u2019\u00e9volution de la solvabilit\u00e9 relative des \u00e9metteurs tunisiens suite \u00e0 la d\u00e9gradation de la note souveraine du pays par Fitch, qui est pass\u00e9e de \u00ab B+ \u00bb \u00e0 \u00ab B \u00bb avec une perspective stable le 12 mai 2020.<\/p>\n<p>Le recalibrage entra\u00eenera des actions de notation pour certains \u00e9metteurs ayant une notation nationale tunisienne. Ces r\u00e9visions de notation seront annonc\u00e9es prochainement.<\/p>\n<p>Les notations \u00e0 l\u2019\u00e9chelle nationale sont un classement des risques des \u00e9metteurs sur un march\u00e9 particulier, con\u00e7u pour aider les investisseurs locaux \u00e0 diff\u00e9rencier les risques.<\/p>\n<p>Les notations tunisiennes \u00e0 l\u2019\u00e9chelle nationale sont d\u00e9sign\u00e9es par l\u2019identifiant unique \u00ab (tun) \u00bb.<\/p>\n<p>Fitch ajoute cet identificateur pour refl\u00e9ter la nature unique de l\u2019\u00e9chelle nationale tunisienne.<\/p>\n<p>Les \u00e9chelles nationales ne sont pas comparables avec les \u00e9chelles de notation internationales de Fitch ou avec les \u00e9chelles de notation nationales d\u2019autres pays.<\/p>\n<div class=\"wp-post-author-wrap wp-post-author-shortcode left\">\n<h3 class=\"awpa-title\"\/>\n<div class=\"wp-post-author\">\n<div class=\"awpa-img awpa-author-block square\"><a href=\"http:\/\/lexpertjournal.net\/fr\/?author=5\"><img loading=\"lazy\" decoding=\"async\" alt=\"\" src=\"http:\/\/0.gravatar.com\/avatar\/97f8e10a1c1125ba104a76514ee07b16?s=150&amp;d=mm&amp;r=g\" srcset=\"http:\/\/0.gravatar.com\/avatar\/97f8e10a1c1125ba104a76514ee07b16?s=300&amp;d=mm&amp;r=g 2x\" class=\"avatar avatar-150 photo\" height=\"150\" width=\"150\"\/><\/a><\/div>\n<\/div>\n<\/div>\n<aside class=\"mashsb-container mashsb-main mashsb-stretched\">\n<\/aside>\n<p>Auteur: L&rsquo;expert<br \/>\n<a href=\"http:\/\/lexpertjournal.net\/fr\/?p=15128\">Cliquez ici pour lire l&rsquo;article depuis sa source.<\/a><\/p>\n","protected":false},"excerpt":{"rendered":"<p>Fitch Ratings a re-calibr\u00e9 son \u00e9chelle de notation nationale tunisienne. Cela refl\u00e8te l\u2019\u00e9volution de la solvabilit\u00e9 relative des \u00e9metteurs tunisiens suite \u00e0 la d\u00e9gradation de la note souveraine du pays par Fitch, qui est pass\u00e9e de \u00ab B+ \u00bb \u00e0 \u00ab B \u00bb avec une perspective stable le 12 mai 2020. Le recalibrage entra\u00eenera des [&hellip;]<\/p>\n","protected":false},"author":1775,"featured_media":0,"comment_status":"closed","ping_status":"closed","sticky":false,"template":"","format":"standard","meta":{"fifu_image_url":"","fifu_image_alt":"","footnotes":""},"categories":[78,55],"tags":[],"class_list":["post-88138","post","type-post","status-publish","format-standard","hentry","category-economie","category-tunisie"],"_links":{"self":[{"href":"https:\/\/linitiative.ca\/International\/wp-json\/wp\/v2\/posts\/88138","targetHints":{"allow":["GET"]}}],"collection":[{"href":"https:\/\/linitiative.ca\/International\/wp-json\/wp\/v2\/posts"}],"about":[{"href":"https:\/\/linitiative.ca\/International\/wp-json\/wp\/v2\/types\/post"}],"author":[{"embeddable":true,"href":"https:\/\/linitiative.ca\/International\/wp-json\/wp\/v2\/users\/1775"}],"replies":[{"embeddable":true,"href":"https:\/\/linitiative.ca\/International\/wp-json\/wp\/v2\/comments?post=88138"}],"version-history":[{"count":0,"href":"https:\/\/linitiative.ca\/International\/wp-json\/wp\/v2\/posts\/88138\/revisions"}],"wp:attachment":[{"href":"https:\/\/linitiative.ca\/International\/wp-json\/wp\/v2\/media?parent=88138"}],"wp:term":[{"taxonomy":"category","embeddable":true,"href":"https:\/\/linitiative.ca\/International\/wp-json\/wp\/v2\/categories?post=88138"},{"taxonomy":"post_tag","embeddable":true,"href":"https:\/\/linitiative.ca\/International\/wp-json\/wp\/v2\/tags?post=88138"}],"curies":[{"name":"wp","href":"https:\/\/api.w.org\/{rel}","templated":true}]}}