{"id":88165,"date":"2020-06-07T12:09:08","date_gmt":"2020-06-07T16:09:08","guid":{"rendered":"https:\/\/linitiative.ca\/International\/credit-du-maroc-sexplique\/"},"modified":"2020-06-07T12:09:08","modified_gmt":"2020-06-07T16:09:08","slug":"credit-du-maroc-sexplique","status":"publish","type":"post","link":"https:\/\/linitiative.ca\/International\/credit-du-maroc-sexplique\/","title":{"rendered":"Cr\u00e9dit du Maroc s\u2019explique"},"content":{"rendered":"<div class=\"body\">\n<div class=\"field field-name-body field-type-text-with-summary field-label-hidden\">\n<div class=\"field-items\" readability=\"12\">\n<div class=\"field-item even\" property=\"content:encoded\" readability=\"19\">\n<p class=\"rtejustify\">La recommandation de Bank Al-Maghrib aux \u00e9tablissements de cr\u00e9dit pour la suspension\u00a0 jusqu\u2019\u00e0 nouvel ordre, de toute distribution de dividendes au titre de l\u2019exercice 2019, fait r\u00e9agir Cr\u00e9dit du Maroc. Dans un communiqu\u00e9, l\u2019\u00e9tablissement bancaire tient \u00e0 pr\u00e9ciser que l\u2019assembl\u00e9e g\u00e9n\u00e9rale mixte du Cr\u00e9dit du Maroc, votant\u00a0 la distribution du dividende,\u00a0 s\u2019est tenue avant la communication de l\u2019orientation de la banque centrale, \u00e0 savoir le 27 mars 2020. CDM tient \u00e9galement \u00e0 pr\u00e9ciser que les r\u00e9sultats financiers trimestriels publi\u00e9s le 1er mai 2020 attestent d\u2019une r\u00e9silience face \u00e0 la crise et permettent d\u2019afficher, au 31 mars 2020, un ratio de solvabilit\u00e9 global consolid\u00e9 de 14,97% pour un minimum r\u00e9glementaire de 12%.<br \/><em>A.Bo<\/em><\/p>\n<\/div>\n<\/div>\n<\/div>\n<\/div>\n<div class=\"eco-conseil\">\n<div class=\"view view-eco-conseil-16 view-id-eco_conseil_16 view-display-id-cookies view-dom-id-b25dba89337ca479df5df4a82ca3bd7f\">\n<div class=\"view-content\">\n<div id=\"views-bootstrap-grid-1\" class=\"views-bootstrap-grid-plugin-style\">\n<div class=\"row\">\n<div class=\" col-xs-12 col-lg-4\">\n<div class=\"row\">\n<div class=\"col col-xs-12 col-lg-12\">\n<div class=\"field-content\"><a href=\"\/article\/1062973-moteur-ma-c-est-parti-pour-le-test-drive-domicile\"><img loading=\"lazy\" decoding=\"async\" class=\"img-responsive\" typeof=\"foaf:Image\" src=\"https:\/\/www.leconomiste.com\/sites\/default\/files\/eco7\/public\/styles\/800x400\/public\/default_images\/default_une.jpg?itok=4jZlgnIZ\" width=\"660\" height=\"330\" alt=\"\"\/><\/a><\/div>\n<\/div>\n<div class=\" title_suite_2 col col-xs-12 col-lg-12\"> <a href=\"\/article\/1062973-moteur-ma-c-est-parti-pour-le-test-drive-domicile\"\/><span class=\"field-content\">Article 1062973<\/span><\/div>\n<\/div>\n<\/div>\n<div class=\" col-xs-12 col-lg-4\">\n<div class=\"row\">\n<div class=\"col col-xs-12 col-lg-12\">\n<div class=\"field-content\"><a href=\"\/article\/1062972-patrimoine-en-peril\"><img loading=\"lazy\" decoding=\"async\" class=\"img-responsive\" typeof=\"foaf:Image\" src=\"https:\/\/www.leconomiste.com\/sites\/default\/files\/eco7\/public\/styles\/800x400\/public\/default_images\/default_une.jpg?itok=4jZlgnIZ\" width=\"660\" height=\"330\" alt=\"\"\/><\/a><\/div>\n<\/div>\n<div class=\" title_suite_2 col col-xs-12 col-lg-12\"> <a href=\"\/article\/1062972-patrimoine-en-peril\"\/><span class=\"field-content\">Patrimoine en p\u00e9ril<\/span><\/div>\n<\/div>\n<\/div>\n<div class=\" col-xs-12 col-lg-4\">\n<div class=\"row\">\n<div class=\"col col-xs-12 col-lg-12\">\n<div class=\"field-content\"><a href=\"\/article\/1062971-l-evaluation-des-etablissements-universitaires-demarre\"><img loading=\"lazy\" decoding=\"async\" class=\"img-responsive\" typeof=\"foaf:Image\" src=\"https:\/\/www.leconomiste.com\/sites\/default\/files\/eco7\/public\/styles\/800x400\/public\/default_images\/default_une.jpg?itok=4jZlgnIZ\" width=\"660\" height=\"330\" alt=\"\"\/><\/a><\/div>\n<\/div>\n<div class=\" title_suite_2 col col-xs-12 col-lg-12\"> <a href=\"\/article\/1062971-l-evaluation-des-etablissements-universitaires-demarre\"\/><span class=\"field-content\">L\u2019\u00e9valuation des \u00e9tablissements universitaires d\u00e9marre!<\/span><\/div>\n<\/div>\n<\/div>\n<\/div>\n<\/div>\n<\/div>\n<\/div>\n<\/div>\n<p>Auteur: hlafriqi<br \/>\n<a href=\"https:\/\/www.leconomiste.com\/article\/1062969-credit-du-maroc-s-explique\">Cliquez ici pour lire l&rsquo;article depuis sa source.<\/a><\/p>\n","protected":false},"excerpt":{"rendered":"<p>La recommandation de Bank Al-Maghrib aux \u00e9tablissements de cr\u00e9dit pour la suspension\u00a0 jusqu\u2019\u00e0 nouvel ordre, de toute distribution de dividendes au titre de l\u2019exercice 2019, fait r\u00e9agir Cr\u00e9dit du Maroc. Dans un communiqu\u00e9, l\u2019\u00e9tablissement bancaire tient \u00e0 pr\u00e9ciser que l\u2019assembl\u00e9e g\u00e9n\u00e9rale mixte du Cr\u00e9dit du Maroc, votant\u00a0 la distribution du dividende,\u00a0 s\u2019est tenue avant la [&hellip;]<\/p>\n","protected":false},"author":1763,"featured_media":0,"comment_status":"closed","ping_status":"closed","sticky":false,"template":"","format":"standard","meta":{"fifu_image_url":"","fifu_image_alt":"","footnotes":""},"categories":[78,54],"tags":[],"class_list":["post-88165","post","type-post","status-publish","format-standard","hentry","category-economie","category-maroc"],"_links":{"self":[{"href":"https:\/\/linitiative.ca\/International\/wp-json\/wp\/v2\/posts\/88165","targetHints":{"allow":["GET"]}}],"collection":[{"href":"https:\/\/linitiative.ca\/International\/wp-json\/wp\/v2\/posts"}],"about":[{"href":"https:\/\/linitiative.ca\/International\/wp-json\/wp\/v2\/types\/post"}],"author":[{"embeddable":true,"href":"https:\/\/linitiative.ca\/International\/wp-json\/wp\/v2\/users\/1763"}],"replies":[{"embeddable":true,"href":"https:\/\/linitiative.ca\/International\/wp-json\/wp\/v2\/comments?post=88165"}],"version-history":[{"count":0,"href":"https:\/\/linitiative.ca\/International\/wp-json\/wp\/v2\/posts\/88165\/revisions"}],"wp:attachment":[{"href":"https:\/\/linitiative.ca\/International\/wp-json\/wp\/v2\/media?parent=88165"}],"wp:term":[{"taxonomy":"category","embeddable":true,"href":"https:\/\/linitiative.ca\/International\/wp-json\/wp\/v2\/categories?post=88165"},{"taxonomy":"post_tag","embeddable":true,"href":"https:\/\/linitiative.ca\/International\/wp-json\/wp\/v2\/tags?post=88165"}],"curies":[{"name":"wp","href":"https:\/\/api.w.org\/{rel}","templated":true}]}}