{"id":88166,"date":"2020-06-07T12:10:03","date_gmt":"2020-06-07T16:10:03","guid":{"rendered":"https:\/\/linitiative.ca\/International\/tourisme-cnt-une-enieme-rencontre-sans-plus\/"},"modified":"2020-06-07T12:10:03","modified_gmt":"2020-06-07T16:10:03","slug":"tourisme-cnt-une-enieme-rencontre-sans-plus","status":"publish","type":"post","link":"https:\/\/linitiative.ca\/International\/tourisme-cnt-une-enieme-rencontre-sans-plus\/","title":{"rendered":"Tourisme\/CNT: Une \u00e9ni\u00e8me rencontre sans plus"},"content":{"rendered":"<div class=\"body\">\n<div class=\"field field-name-body field-type-text-with-summary field-label-hidden\">\n<div class=\"field-items\" readability=\"10.5\">\n<div class=\"field-item even\" property=\"content:encoded\" readability=\"16\">\n<p class=\"rtejustify\">C\u2019est une ministre du Tourisme, Nadia Fettah Alaoui, tr\u00e8s positive qui a tenu une r\u00e9union avec les membres de la Conf\u00e9d\u00e9ration nationale du tourisme (CNT) le 6 juin dernier. Fettah Alaoui a pr\u00e9sent\u00e9 les premi\u00e8res lignes du contrat-programme devant lier l\u2019Etat et les professionnels\u00a0 autour de plusieurs axes. Le plus important reste le maintien de l\u2019emploi. En attendant que ce programme soit act\u00e9, les r\u00e9actions des professionnels restent tr\u00e8s contrast\u00e9es, particuli\u00e8rement par rapport\u00a0 \u00e0 la m\u00e9thodologie et aux engagements impos\u00e9s aux professionnels pour le maintien de l\u2019emploi alors que, jusqu\u2019\u00e0 maintenant, l\u2019Etat n\u2019a pas encore pr\u00e9sent\u00e9 son plan de soutien \u00e0\u00a0 l\u2019emploi.<br \/><em>B.B<\/em><\/p>\n<\/div>\n<\/div>\n<\/div>\n<\/div>\n<div class=\"eco-conseil\">\n<div class=\"view view-eco-conseil-16 view-id-eco_conseil_16 view-display-id-cookies view-dom-id-2920f1b95d744a9690ae3a09d674809d\">\n<div class=\"view-content\">\n<div id=\"views-bootstrap-grid-1\" class=\"views-bootstrap-grid-plugin-style\">\n<div class=\"row\">\n<div class=\" col-xs-12 col-lg-4\">\n<div class=\"row\">\n<div class=\"col col-xs-12 col-lg-12\">\n<div class=\"field-content\"><a href=\"\/article\/1062973-moteur-ma-c-est-parti-pour-le-test-drive-domicile\"><img loading=\"lazy\" decoding=\"async\" class=\"img-responsive\" typeof=\"foaf:Image\" src=\"https:\/\/www.leconomiste.com\/sites\/default\/files\/eco7\/public\/styles\/800x400\/public\/default_images\/default_une.jpg?itok=4jZlgnIZ\" width=\"660\" height=\"330\" alt=\"\"\/><\/a><\/div>\n<\/div>\n<div class=\" title_suite_2 col col-xs-12 col-lg-12\"> <a href=\"\/article\/1062973-moteur-ma-c-est-parti-pour-le-test-drive-domicile\"\/><span class=\"field-content\">Article 1062973<\/span><\/div>\n<\/div>\n<\/div>\n<div class=\" col-xs-12 col-lg-4\">\n<div class=\"row\">\n<div class=\"col col-xs-12 col-lg-12\">\n<div class=\"field-content\"><a href=\"\/article\/1062972-patrimoine-en-peril\"><img loading=\"lazy\" decoding=\"async\" class=\"img-responsive\" typeof=\"foaf:Image\" src=\"https:\/\/www.leconomiste.com\/sites\/default\/files\/eco7\/public\/styles\/800x400\/public\/default_images\/default_une.jpg?itok=4jZlgnIZ\" width=\"660\" height=\"330\" alt=\"\"\/><\/a><\/div>\n<\/div>\n<div class=\" title_suite_2 col col-xs-12 col-lg-12\"> <a href=\"\/article\/1062972-patrimoine-en-peril\"\/><span class=\"field-content\">Patrimoine en p\u00e9ril<\/span><\/div>\n<\/div>\n<\/div>\n<div class=\" col-xs-12 col-lg-4\">\n<div class=\"row\">\n<div class=\"col col-xs-12 col-lg-12\">\n<div class=\"field-content\"><a href=\"\/article\/1062971-l-evaluation-des-etablissements-universitaires-demarre\"><img loading=\"lazy\" decoding=\"async\" class=\"img-responsive\" typeof=\"foaf:Image\" src=\"https:\/\/www.leconomiste.com\/sites\/default\/files\/eco7\/public\/styles\/800x400\/public\/default_images\/default_une.jpg?itok=4jZlgnIZ\" width=\"660\" height=\"330\" alt=\"\"\/><\/a><\/div>\n<\/div>\n<div class=\" title_suite_2 col col-xs-12 col-lg-12\"> <a href=\"\/article\/1062971-l-evaluation-des-etablissements-universitaires-demarre\"\/><span class=\"field-content\">L\u2019\u00e9valuation des \u00e9tablissements universitaires d\u00e9marre!<\/span><\/div>\n<\/div>\n<\/div>\n<\/div>\n<\/div>\n<\/div>\n<\/div>\n<\/div>\n<p>Auteur: hlafriqi<br \/>\n<a href=\"https:\/\/www.leconomiste.com\/article\/1062970-tourisme-cnt-une-enieme-rencontre-sans-plus\">Cliquez ici pour lire l&rsquo;article depuis sa source.<\/a><\/p>\n","protected":false},"excerpt":{"rendered":"<p>C\u2019est une ministre du Tourisme, Nadia Fettah Alaoui, tr\u00e8s positive qui a tenu une r\u00e9union avec les membres de la Conf\u00e9d\u00e9ration nationale du tourisme (CNT) le 6 juin dernier. Fettah Alaoui a pr\u00e9sent\u00e9 les premi\u00e8res lignes du contrat-programme devant lier l\u2019Etat et les professionnels\u00a0 autour de plusieurs axes. Le plus important reste le maintien de [&hellip;]<\/p>\n","protected":false},"author":1763,"featured_media":0,"comment_status":"closed","ping_status":"closed","sticky":false,"template":"","format":"standard","meta":{"fifu_image_url":"","fifu_image_alt":"","footnotes":""},"categories":[78,54],"tags":[],"class_list":["post-88166","post","type-post","status-publish","format-standard","hentry","category-economie","category-maroc"],"_links":{"self":[{"href":"https:\/\/linitiative.ca\/International\/wp-json\/wp\/v2\/posts\/88166","targetHints":{"allow":["GET"]}}],"collection":[{"href":"https:\/\/linitiative.ca\/International\/wp-json\/wp\/v2\/posts"}],"about":[{"href":"https:\/\/linitiative.ca\/International\/wp-json\/wp\/v2\/types\/post"}],"author":[{"embeddable":true,"href":"https:\/\/linitiative.ca\/International\/wp-json\/wp\/v2\/users\/1763"}],"replies":[{"embeddable":true,"href":"https:\/\/linitiative.ca\/International\/wp-json\/wp\/v2\/comments?post=88166"}],"version-history":[{"count":0,"href":"https:\/\/linitiative.ca\/International\/wp-json\/wp\/v2\/posts\/88166\/revisions"}],"wp:attachment":[{"href":"https:\/\/linitiative.ca\/International\/wp-json\/wp\/v2\/media?parent=88166"}],"wp:term":[{"taxonomy":"category","embeddable":true,"href":"https:\/\/linitiative.ca\/International\/wp-json\/wp\/v2\/categories?post=88166"},{"taxonomy":"post_tag","embeddable":true,"href":"https:\/\/linitiative.ca\/International\/wp-json\/wp\/v2\/tags?post=88166"}],"curies":[{"name":"wp","href":"https:\/\/api.w.org\/{rel}","templated":true}]}}