{"id":88167,"date":"2020-06-07T12:11:44","date_gmt":"2020-06-07T16:11:44","guid":{"rendered":"https:\/\/linitiative.ca\/International\/levaluation-des-etablissements-universitaires-demarre\/"},"modified":"2020-06-07T12:11:44","modified_gmt":"2020-06-07T16:11:44","slug":"levaluation-des-etablissements-universitaires-demarre","status":"publish","type":"post","link":"https:\/\/linitiative.ca\/International\/levaluation-des-etablissements-universitaires-demarre\/","title":{"rendered":"L\u2019\u00e9valuation des \u00e9tablissements universitaires d\u00e9marre!"},"content":{"rendered":"<div class=\"author\" readability=\"5.6949152542373\"> Par <a href=\"\/content\/ahlam-nazih\"> Ahlam NAZIH<\/a> <a href=\"\/node\/\"> <\/a> | Edition N\u00b0:5777 Le 08\/06\/2020 | Partager <\/div>\n<div class=\"body\">\n<div class=\"field field-name-body field-type-text-with-summary field-label-hidden\">\n<div class=\"field-items\" readability=\"9.5\">\n<div class=\"field-item even\" property=\"content:encoded\" readability=\"14\">\n<p class=\"rtejustify\">Trois ans apr\u00e8s son activation, l\u2019Agence nationale d\u2019\u00e9valuation et d\u2019assurance qualit\u00e9 (Aneaq) appr\u00e9hende enfin la qualit\u00e9 des \u00e9tablissements sup\u00e9rieurs. Jusque-l\u00e0, l\u2019agence s\u2019\u00e9tait content\u00e9e d\u2019examiner les fili\u00e8res de formation. Dans une note dat\u00e9e du 3 juin, le d\u00e9partement de l\u2019Enseignement sup\u00e9rieur invite chaque universit\u00e9 \u00e0 d\u00e9signer un \u00e9tablissement pour une premi\u00e8re exp\u00e9rience. Chacun doit d\u2019abord proc\u00e9der \u00e0 une \u00e9valuation interne, dont le rapport doit \u00eatre rendu d\u00e9but octobre prochain. Un guide d\u2019\u00e9valuation sera envoy\u00e9 par l\u2019agence avant la fin de ce mois de juin.<br \/><em>A.Na<\/em><\/p>\n<\/div>\n<\/div>\n<\/div>\n<\/div>\n<div class=\"eco-conseil\">\n<div class=\"view view-eco-conseil-16 view-id-eco_conseil_16 view-display-id-cookies view-dom-id-f0a63d9e399678950d1c31a12b679c6b\">\n<div class=\"view-content\">\n<div id=\"views-bootstrap-grid-1\" class=\"views-bootstrap-grid-plugin-style\">\n<div class=\"row\">\n<div class=\" col-xs-12 col-lg-4\">\n<div class=\"row\">\n<div class=\"col col-xs-12 col-lg-12\">\n<div class=\"field-content\"><a href=\"\/article\/1062973-moteur-ma-c-est-parti-pour-le-test-drive-domicile\"><img loading=\"lazy\" decoding=\"async\" class=\"img-responsive\" typeof=\"foaf:Image\" src=\"https:\/\/www.leconomiste.com\/sites\/default\/files\/eco7\/public\/styles\/800x400\/public\/default_images\/default_une.jpg?itok=4jZlgnIZ\" width=\"660\" height=\"330\" alt=\"\"\/><\/a><\/div>\n<\/div>\n<div class=\" title_suite_2 col col-xs-12 col-lg-12\"> <a href=\"\/article\/1062973-moteur-ma-c-est-parti-pour-le-test-drive-domicile\"\/><span class=\"field-content\">Article 1062973<\/span><\/div>\n<\/div>\n<\/div>\n<div class=\" col-xs-12 col-lg-4\">\n<div class=\"row\">\n<div class=\"col col-xs-12 col-lg-12\">\n<div class=\"field-content\"><a href=\"\/article\/1062972-patrimoine-en-peril\"><img loading=\"lazy\" decoding=\"async\" class=\"img-responsive\" typeof=\"foaf:Image\" src=\"https:\/\/www.leconomiste.com\/sites\/default\/files\/eco7\/public\/styles\/800x400\/public\/default_images\/default_une.jpg?itok=4jZlgnIZ\" width=\"660\" height=\"330\" alt=\"\"\/><\/a><\/div>\n<\/div>\n<div class=\" title_suite_2 col col-xs-12 col-lg-12\"> <a href=\"\/article\/1062972-patrimoine-en-peril\"\/><span class=\"field-content\">Patrimoine en p\u00e9ril<\/span><\/div>\n<\/div>\n<\/div>\n<div class=\" col-xs-12 col-lg-4\">\n<div class=\"row\">\n<div class=\"col col-xs-12 col-lg-12\">\n<div class=\"field-content\"><a href=\"\/article\/1062970-tourisme-cnt-une-enieme-rencontre-sans-plus\"><img loading=\"lazy\" decoding=\"async\" class=\"img-responsive\" typeof=\"foaf:Image\" src=\"https:\/\/www.leconomiste.com\/sites\/default\/files\/eco7\/public\/styles\/800x400\/public\/default_images\/default_une.jpg?itok=4jZlgnIZ\" width=\"660\" height=\"330\" alt=\"\"\/><\/a><\/div>\n<\/div>\n<div class=\" title_suite_2 col col-xs-12 col-lg-12\"> <a href=\"\/article\/1062970-tourisme-cnt-une-enieme-rencontre-sans-plus\"\/><span class=\"field-content\">Tourisme\/CNT: Une \u00e9ni\u00e8me rencontre sans plus<\/span><\/div>\n<\/div>\n<\/div>\n<\/div>\n<\/div>\n<\/div>\n<\/div>\n<\/div>\n<p>Auteur: hlafriqi<br \/>\n<a href=\"https:\/\/www.leconomiste.com\/article\/1062971-l-evaluation-des-etablissements-universitaires-demarre\">Cliquez ici pour lire l&rsquo;article depuis sa source.<\/a><\/p>\n","protected":false},"excerpt":{"rendered":"<p>Par Ahlam NAZIH | Edition N\u00b0:5777 Le 08\/06\/2020 | Partager Trois ans apr\u00e8s son activation, l\u2019Agence nationale d\u2019\u00e9valuation et d\u2019assurance qualit\u00e9 (Aneaq) appr\u00e9hende enfin la qualit\u00e9 des \u00e9tablissements sup\u00e9rieurs. Jusque-l\u00e0, l\u2019agence s\u2019\u00e9tait content\u00e9e d\u2019examiner les fili\u00e8res de formation. Dans une note dat\u00e9e du 3 juin, le d\u00e9partement de l\u2019Enseignement sup\u00e9rieur invite chaque universit\u00e9 \u00e0 d\u00e9signer [&hellip;]<\/p>\n","protected":false},"author":1763,"featured_media":0,"comment_status":"closed","ping_status":"closed","sticky":false,"template":"","format":"standard","meta":{"fifu_image_url":"","fifu_image_alt":"","footnotes":""},"categories":[78,54],"tags":[],"class_list":["post-88167","post","type-post","status-publish","format-standard","hentry","category-economie","category-maroc"],"_links":{"self":[{"href":"https:\/\/linitiative.ca\/International\/wp-json\/wp\/v2\/posts\/88167","targetHints":{"allow":["GET"]}}],"collection":[{"href":"https:\/\/linitiative.ca\/International\/wp-json\/wp\/v2\/posts"}],"about":[{"href":"https:\/\/linitiative.ca\/International\/wp-json\/wp\/v2\/types\/post"}],"author":[{"embeddable":true,"href":"https:\/\/linitiative.ca\/International\/wp-json\/wp\/v2\/users\/1763"}],"replies":[{"embeddable":true,"href":"https:\/\/linitiative.ca\/International\/wp-json\/wp\/v2\/comments?post=88167"}],"version-history":[{"count":0,"href":"https:\/\/linitiative.ca\/International\/wp-json\/wp\/v2\/posts\/88167\/revisions"}],"wp:attachment":[{"href":"https:\/\/linitiative.ca\/International\/wp-json\/wp\/v2\/media?parent=88167"}],"wp:term":[{"taxonomy":"category","embeddable":true,"href":"https:\/\/linitiative.ca\/International\/wp-json\/wp\/v2\/categories?post=88167"},{"taxonomy":"post_tag","embeddable":true,"href":"https:\/\/linitiative.ca\/International\/wp-json\/wp\/v2\/tags?post=88167"}],"curies":[{"name":"wp","href":"https:\/\/api.w.org\/{rel}","templated":true}]}}