{"id":88171,"date":"2020-06-07T10:30:00","date_gmt":"2020-06-07T14:30:00","guid":{"rendered":"https:\/\/linitiative.ca\/International\/lady-diana-netait-pas-a-sa-place-a-buckingham-palace\/"},"modified":"2020-06-07T10:30:00","modified_gmt":"2020-06-07T14:30:00","slug":"lady-diana-netait-pas-a-sa-place-a-buckingham-palace","status":"publish","type":"post","link":"https:\/\/linitiative.ca\/International\/lady-diana-netait-pas-a-sa-place-a-buckingham-palace\/","title":{"rendered":"Lady Diana n\u2019\u00e9tait pas \u00e0 sa place \u00e0 Buckingham Palace"},"content":{"rendered":"<p class=\"p1 c3\"><span class=\"c2\">Surnomm\u00e9e la Princesse des c\u0153urs, Diana Spencer na\u00eet le 1er juillet 1961 \u00e0 Sandringham, une petite ville de Grande-Bretagne. Fille du compte de Spencer, elle \u00e9pouse le 27 juillet 1981, \u00e0 l\u2019\u00e2ge de 20 ans, le prince Charles d\u2019Angleterre, alors h\u00e9ritier de la couronne britannique. Une c\u00e9r\u00e9monie exceptionnelle qui se tient \u00e0 la cath\u00e9drale Saint-Paul \u00e0 Londres devant plus de 35 000 invit\u00e9s, et est suivie par des millions de t\u00e9l\u00e9spectateurs dans le monde entier.\u00a0<\/span><\/p>\n<p class=\"p1 c3\"><span class=\"c2\">Un mariage qui lui conf\u00e8re alors le titre d\u2019altesse royale. D\u00e8s lors, la princesse de Galles m\u00e8ne de nombreux combats pour des causes qui lui tiennent \u00e0 c\u0153ur. Elle vient en aide aux sans-abri, aux malades du sida ou encore aux enfants du monde entier.\u00a0<\/span><\/p>\n<p class=\"p1 c3\"><span class=\"c2\">Le couple donne naissance \u00e0 deux enfants, William Arthur Louis Windsor (n\u00e9 le 21 juin 1982), dit le prince William, et Henry Charles Albert David Windsor (n\u00e9 le 15 septembre 1984), appel\u00e9 couramment prince Harry, avant que le divorce soit prononc\u00e9 au mois d\u2019ao\u00fbt 1996.\u00a0<\/span><\/p>\n<p class=\"p1 c3\"><span class=\"c2\">Le 31 ao\u00fbt 1997, alors qu\u2019elle vit une idylle avec Dodie Al-Fayed,\u00a0Diana meurt tragiquement \u00e0 l\u2019\u00e2ge de 36 ans dans un accident de voiture\u00a0dans le tunnel du Pont de l\u2019Alma \u00e0 Paris. Symbole de la femme des ann\u00e9es 1990, elle demeure une figure embl\u00e9matique, et garde une image de m\u00e8re d\u00e9vou\u00e9e et de princesse glamour au grand c\u0153ur.\u00a0<\/span><\/p>\n<p class=\"p1 c3\"><span class=\"c2\">Malheureuse avec le prince Charles, Lady Diana a d\u00fb affronter la famille royale d\u2019Angleterre, mais aussi les nombreuses critiques de son \u00e9poux. Loin de la soutenir, ce dernier n\u2019a pas h\u00e9sit\u00e9 \u00e0 se montrer dur avec la m\u00e8re de William et Harry.<\/span><\/p>\n<p class=\"p1 c3\"><span class=\"c2\">Tr\u00e8s appr\u00e9ci\u00e9e des Britanniques, Lady Diana l\u2019\u00e9tait nettement moins de la famille royale.\u00a0Mari\u00e9e \u00e0 un prince\u00a0Charles fou amoureux de Camilla Parker-Bowles,\u00a0la princesse de Galles sombre dans la boulimie et la d\u00e9pression.\u00a0Tourment\u00e9e entre ses obligations protocolaires et son envie de libert\u00e9, la maman d\u2019Harry et William est dans l\u2019ombre de\u00a0Sarah Ferguson &#8211; affectueusement appel\u00e9e Fergie -, la tr\u00e8s sulfureuse ex-\u00e9pouse du prince Andrew.<\/span><\/p>\n<p class=\"p1 c3\"><span class=\"c2\">Tr\u00e8s appr\u00e9ci\u00e9e de la reine Elizabeth II, selon un article du\u00a0Daily Mail\u00a0de 2006, la m\u00e8re de\u00a0Beatrice et Eugenie d\u2019York\u00a0a tout de la belle-fille id\u00e9ale. Adepte des activit\u00e9s en plein air, Sarah Ferguson partage avec la monarque sa passion pour les chevaux. De quoi rendre \u201cjalouse\u201d\u00a0Lady Di.\u00a0\u201cJe ne pouvais pas comprendre, elle s\u2019amusait vraiment, alors que je me battais pour survivre. Je ne comprenais pas comment elle pouvait trouver \u00e7a si facile\u201d,\u00a0a-t-elle confi\u00e9 \u00e0 nos confr\u00e8res britanniques.\u00a0Tr\u00e8s vite, la jeune femme comprend qu\u2019elle n\u2019est pas \u00e0 sa place \u00e0 Buckingham Palace.<\/span><\/p>\n<p class=\"p1 c3\"><span class=\"c2\">Pensant que la duchesse d\u2019York\u00a0\u201cbaisserait la t\u00eate\u201d\u00a0et\u00a0\u201cserait timide\u201d\u00a0comme elle, l\u2019histoire est toute autre.\u00a0\u201cElle a courtis\u00e9 tout le monde dans cette famille et l\u2019a fait si bien. Elle m\u2019a laiss\u00e9e comme une merde\u00bb. Amatrice de sports d\u2019hiver, Sarah Ferguson avait pour habitude d\u2019impressionner ses proches sur les pistes de ski. En d\u00e9couvrant ses talents, le prince Charles aurait alors lanc\u00e9 \u00e0 Lady Di lors d\u2019un s\u00e9jour \u00e0 la montagne :\u00a0\u201cPourquoi tu n\u2019es pas plus comme Fergie ?\u201d<\/span><\/p>\n<p class=\"p1 c3\"><span class=\"c2\">D\u00e9vast\u00e9e par cette remarque, la princesse de c\u0153ur se met \u00e0 imiter sa belle-s\u0153ur tant appr\u00e9ci\u00e9e.\u00a0\u201cJ\u2019ai fait tellement de b\u00eatises en essayant d\u2019\u00eatre comme Fergie\u201d, a-t-elle confi\u00e9 \u00e0 son biographe, Andrew Morton. Malgr\u00e9 leurs diff\u00e9rences, les deux femmes finissent par se s\u00e9parer de leurs princes en 1992 avant de divorcer en 1996.<\/span><\/p>\n<p>Auteur: letemps1<br \/>\n<a href=\"http:\/\/www.letemps.com.tn\/article\/114590\/lady-diana-n%E2%80%99%C3%A9tait-pas-%C3%A0-sa-place-%C3%A0-buckingham-palace\">Cliquez ici pour lire l&rsquo;article depuis sa source.<\/a><\/p>\n","protected":false},"excerpt":{"rendered":"<p>Surnomm\u00e9e la Princesse des c\u0153urs, Diana Spencer na\u00eet le 1er juillet 1961 \u00e0 Sandringham, une petite ville de Grande-Bretagne. Fille du compte de Spencer, elle \u00e9pouse le 27 juillet 1981, \u00e0 l\u2019\u00e2ge de 20 ans, le prince Charles d\u2019Angleterre, alors h\u00e9ritier de la couronne britannique. Une c\u00e9r\u00e9monie exceptionnelle qui se tient \u00e0 la cath\u00e9drale Saint-Paul [&hellip;]<\/p>\n","protected":false},"author":1773,"featured_media":0,"comment_status":"closed","ping_status":"closed","sticky":false,"template":"","format":"standard","meta":{"fifu_image_url":"","fifu_image_alt":"","footnotes":""},"categories":[73,55],"tags":[],"class_list":["post-88171","post","type-post","status-publish","format-standard","hentry","category-actualite","category-tunisie"],"_links":{"self":[{"href":"https:\/\/linitiative.ca\/International\/wp-json\/wp\/v2\/posts\/88171","targetHints":{"allow":["GET"]}}],"collection":[{"href":"https:\/\/linitiative.ca\/International\/wp-json\/wp\/v2\/posts"}],"about":[{"href":"https:\/\/linitiative.ca\/International\/wp-json\/wp\/v2\/types\/post"}],"author":[{"embeddable":true,"href":"https:\/\/linitiative.ca\/International\/wp-json\/wp\/v2\/users\/1773"}],"replies":[{"embeddable":true,"href":"https:\/\/linitiative.ca\/International\/wp-json\/wp\/v2\/comments?post=88171"}],"version-history":[{"count":0,"href":"https:\/\/linitiative.ca\/International\/wp-json\/wp\/v2\/posts\/88171\/revisions"}],"wp:attachment":[{"href":"https:\/\/linitiative.ca\/International\/wp-json\/wp\/v2\/media?parent=88171"}],"wp:term":[{"taxonomy":"category","embeddable":true,"href":"https:\/\/linitiative.ca\/International\/wp-json\/wp\/v2\/categories?post=88171"},{"taxonomy":"post_tag","embeddable":true,"href":"https:\/\/linitiative.ca\/International\/wp-json\/wp\/v2\/tags?post=88171"}],"curies":[{"name":"wp","href":"https:\/\/api.w.org\/{rel}","templated":true}]}}