{"id":88172,"date":"2020-06-07T10:30:00","date_gmt":"2020-06-07T14:30:00","guid":{"rendered":"https:\/\/linitiative.ca\/International\/que-devient-le-petit-prince-du-rai%e2%80%af\/"},"modified":"2020-06-07T10:30:00","modified_gmt":"2020-06-07T14:30:00","slug":"que-devient-le-petit-prince-du-rai%e2%80%af","status":"publish","type":"post","link":"https:\/\/linitiative.ca\/International\/que-devient-le-petit-prince-du-rai%e2%80%af\/","title":{"rendered":"Que devient le petit prince du ra\u00ef\u202f?"},"content":{"rendered":"<p class=\"p1 c3\"><span class=\"c2\">Petit prince du ra\u00ef, ic\u00f4ne musicale de la fin des ann\u00e9es 90 et du d\u00e9but des ann\u00e9es 2000, Faudel s\u2019est fait discret en France ces derni\u00e8res ann\u00e9es. Alors qu\u2019il c\u00e9l\u00e8bre aujourd\u2019hui son 42 \u00e8me anniversaire, l\u2019artiste continue \u00e0 chanter et \u00e0 enregistrer de nouveaux morceaux.<\/span><\/p>\n<p class=\"p1 c3\"><span class=\"c2\">Avec ses tubes\u00a0Dis-moi\u00a0ou encore\u00a0Je veux vivre, Faudel s\u2019est cr\u00e9\u00e9 \u00e0 la fin des ann\u00e9es 90 une solide carri\u00e8re sur la sc\u00e8ne musicale fran\u00e7aise. Le public allait alors jusqu\u2019\u00e0 le surnommer petit prince du ra\u00ef. Pourtant, avec les ann\u00e9es, le jeune homme s\u2019est fait de plus en plus rare sur les \u00e9crans du PAF. Son soutien public \u00e0 Nicolas Sarkozy durant\u00a0la campagne pr\u00e9sidentielle de 2007\u00a0lui a port\u00e9 le coup de gr\u00e2ce.\u00a0\u00abJ\u2019en ai pris dans la gueule, grave, avait-il t\u00e9moign\u00e9 des ann\u00e9es plus tard sur le plateau de\u00a0Touche pas \u00e0 mon poste!.\u00a0T\u2019as Jay-Z, il est avec Obama : c\u2019est normal, pas de probl\u00e8me ! Mais je trouve que je me suis fait matraquer.\u00bb.\u00a0Boud\u00e9 par une partie de son public, l\u203aartiste n\u203aa pourtant jamais arr\u00eat\u00e9 de cr\u00e9er de la musique.<\/span><\/p>\n<p class=\"p1 c3\"><span class=\"c2\">Comme il le confiait lui-m\u00eame \u00e0 Cyril Hanouna en avril 2018, Faudel a beaucoup mis\u00e9 sur l\u2019\u00e9tranger. \u00abJe me suis mis \u00e0 bosser, \u00e0 cr\u00e9er, \u00e0 faire des concerts dans le monde entier\u2026 Il n\u2019y a pas que la France : la world music, on l\u2019exporte dans le monde entier\u00bb. Apr\u00e8s la publication en 2018 du morceau\u00a0All Day, All Night, le p\u00e8re de famille a persist\u00e9 dans sa passion. R\u00e9cemment, il a profit\u00e9 du confinement d\u00fb \u00e0\u00a0l\u2019\u00e9pid\u00e9mie de Covid-19\u00a0pour publier un nouveau morceau. Celui-ci est d\u00e9di\u00e9 \u00e0 sa fille et son \u00e9pouse, Loulia et Hala, ainsi qu\u2019aux personnels de sant\u00e9 engag\u00e9s dans la lutte contre la pand\u00e9mie.\u00a0Le titre, intitul\u00e9\u00a0Qu\u2019est-ce que c\u2019est l\u2019amour, a \u00e9t\u00e9 publi\u00e9 sur Youtube et compte plus de 23.000 vues apr\u00e8s un mois en ligne sur la plateforme.<\/span><\/p>\n<p class=\"p2 c4\"><span class=\"c2\"><strong>Nouvel engagement politique<\/strong><\/span><\/p>\n<p class=\"p1 c3\"><span class=\"c2\">D\u00e9j\u00e0 actif politiquement par le pass\u00e9, Faudel, qui c\u00e9l\u00e8bre aujourd\u2019hui ses 42 ans, s\u2019engage d\u00e9sormais dans la lutte globale contre les violences polici\u00e8res et le racisme qui gangr\u00e8nent certaines soci\u00e9t\u00e9s modernes. Alors qu\u2019un mouvement global s\u2019est form\u00e9 en r\u00e9action \u00e0\u00a0la mort de l\u2019Afro-am\u00e9ricain George Floyd\u00a0durant une arrestation muscl\u00e9e par des officiers de police blancs aux Etats-Unis, Faudel s\u2019est joint \u00e0 la protestation \u00e0 l\u2019aide de deux publications. La premi\u00e8re est un dessin de la \u00ab\u00a0statut de la libert\u00e9\u00a0\u00bb pressant son genou sur la nuque d\u2019un jeune homme noir.\u00a0La seconde, en \u00e9chos \u00e0 l\u2019initiative d\u2019artistes am\u00e9ricains, est celle d\u2019un fond noir, r\u00e9f\u00e9rence au Blackout Tuesday cr\u00e9\u00e9 pour soutenir l\u2019action des manifestants contre le racisme et les violences polici\u00e8res aux \u00c9tats-Unis.<\/span><\/p>\n<p>Auteur: letemps1<br \/>\n<a href=\"http:\/\/www.letemps.com.tn\/article\/114591\/que-devient-le-petit-prince-du-ra%C3%AF%E2%80%AF\">Cliquez ici pour lire l&rsquo;article depuis sa source.<\/a><\/p>\n","protected":false},"excerpt":{"rendered":"<p>Petit prince du ra\u00ef, ic\u00f4ne musicale de la fin des ann\u00e9es 90 et du d\u00e9but des ann\u00e9es 2000, Faudel s\u2019est fait discret en France ces derni\u00e8res ann\u00e9es. Alors qu\u2019il c\u00e9l\u00e8bre aujourd\u2019hui son 42 \u00e8me anniversaire, l\u2019artiste continue \u00e0 chanter et \u00e0 enregistrer de nouveaux morceaux. Avec ses tubes\u00a0Dis-moi\u00a0ou encore\u00a0Je veux vivre, Faudel s\u2019est cr\u00e9\u00e9 \u00e0 [&hellip;]<\/p>\n","protected":false},"author":1773,"featured_media":0,"comment_status":"closed","ping_status":"closed","sticky":false,"template":"","format":"standard","meta":{"fifu_image_url":"","fifu_image_alt":"","footnotes":""},"categories":[73,55],"tags":[],"class_list":["post-88172","post","type-post","status-publish","format-standard","hentry","category-actualite","category-tunisie"],"_links":{"self":[{"href":"https:\/\/linitiative.ca\/International\/wp-json\/wp\/v2\/posts\/88172","targetHints":{"allow":["GET"]}}],"collection":[{"href":"https:\/\/linitiative.ca\/International\/wp-json\/wp\/v2\/posts"}],"about":[{"href":"https:\/\/linitiative.ca\/International\/wp-json\/wp\/v2\/types\/post"}],"author":[{"embeddable":true,"href":"https:\/\/linitiative.ca\/International\/wp-json\/wp\/v2\/users\/1773"}],"replies":[{"embeddable":true,"href":"https:\/\/linitiative.ca\/International\/wp-json\/wp\/v2\/comments?post=88172"}],"version-history":[{"count":0,"href":"https:\/\/linitiative.ca\/International\/wp-json\/wp\/v2\/posts\/88172\/revisions"}],"wp:attachment":[{"href":"https:\/\/linitiative.ca\/International\/wp-json\/wp\/v2\/media?parent=88172"}],"wp:term":[{"taxonomy":"category","embeddable":true,"href":"https:\/\/linitiative.ca\/International\/wp-json\/wp\/v2\/categories?post=88172"},{"taxonomy":"post_tag","embeddable":true,"href":"https:\/\/linitiative.ca\/International\/wp-json\/wp\/v2\/tags?post=88172"}],"curies":[{"name":"wp","href":"https:\/\/api.w.org\/{rel}","templated":true}]}}