{"id":88194,"date":"2020-06-07T13:16:00","date_gmt":"2020-06-07T17:16:00","guid":{"rendered":"https:\/\/linitiative.ca\/International\/deconfinement-progressif-appel-a-des-mesures-strictes-a-legard-des-transporteurs-prives\/"},"modified":"2020-06-07T13:16:00","modified_gmt":"2020-06-07T17:16:00","slug":"deconfinement-progressif-appel-a-des-mesures-strictes-a-legard-des-transporteurs-prives","status":"publish","type":"post","link":"https:\/\/linitiative.ca\/International\/deconfinement-progressif-appel-a-des-mesures-strictes-a-legard-des-transporteurs-prives\/","title":{"rendered":"DECONFINEMENT PROGRESSIF : Appel \u00e0 des mesures  strictes \u00e0 l&rsquo;\u00e9gard des transporteurs priv\u00e9s"},"content":{"rendered":"<p><br id=\"sep_para_1\" class=\"sep_para access\"\/><\/p>\n<div id=\"para_1\" class=\"para_37334093 resize\">\n<div class=\"texte access firstletter\">Le Secr\u00e9taire g\u00e9n\u00e9ral de la F\u00e9d\u00e9ration nationale des travailleurs des transports (FNTT), Seddik Berrama a appel\u00e9 le minist\u00e8re de tutelle \u00e0 associer les transporteurs \u00e0 l\u2019\u00e9laboration des programmes de transport et des mesures \u00e0 prendre en p\u00e9riode de d\u00e9confinement, pr\u00e9conisant d\u2019imposer des mesures strictes \u00e0 la reprise des activit\u00e9s des transporteurs priv\u00e9s. Le Secr\u00e9taire g\u00e9n\u00e9rale de la FNTT, affili\u00e9e \u00e0 l\u2019Union g\u00e9n\u00e9rale des travailleurs alg\u00e9riens (UGTA) a d\u00e9clar\u00e9 \u00e0 l\u2019APS que les entreprises de transport public, \u00e0 l\u2019instar de l\u2019ETUSA, le m\u00e9tro et le tramway d\u2019Alger, les trains, et la compagnie nationale de transport a\u00e9rien ont pris les mesures n\u00e9cessaires dans ce volet, en garantissant les appareils de d\u00e9sinfection et de protection et en formant leur personnel, d\u2019o\u00f9 l\u2019imp\u00e9ratif de se diriger actuellement vers les transporteurs priv\u00e9s, en leur imposant des mesures pr\u00e9ventives strictes. Le m\u00eame responsable a mis en garde contre le risque de contamination que pourrait repr\u00e9senter la reprise des activit\u00e9s des transporteurs priv\u00e9s, notamment ceux qui ne respectent pas les lois en termes de nombre de passagers autoris\u00e9s, de distanciation physique, de d\u00e9sinfection et de pr\u00e9vention. L\u2019intervenant a soulign\u00e9 l\u2019importance de bien \u00e9tudier le retour du transport priv\u00e9, aussi bien pour les autobus que pour les taxis, en veillant \u00e0 l\u2019application de la loi \u00abm\u00eame pour les v\u00e9hicules de transport clandestin\u00bb, pr\u00e9conisant d\u2019\u00e9laborer des programmes de transport et d\u2019imposer des conditions aux transporteurs priv\u00e9s, en termes d\u2019heure de travail et de lignes \u00e0 desservir, notamment s\u2019il est question du retour des travailleurs \u00e0 leurs postes.\u00a0\u00a0\u00a0\u00a0\u00a0<\/div>\n<\/div>\n<p>Auteur: Ismain<br \/>\n<a href=\"https:\/\/www.reflexiondz.net\/DECONFINEMENT-PROGRESSIF-Appel-a-des-mesures-strictes-a-l-egard-des-transporteurs-prives_a63209.html\">Cliquez ici pour lire l&rsquo;article depuis sa source.<\/a><\/p>\n","protected":false},"excerpt":{"rendered":"<p>Le Secr\u00e9taire g\u00e9n\u00e9ral de la F\u00e9d\u00e9ration nationale des travailleurs des transports (FNTT), Seddik Berrama a appel\u00e9 le minist\u00e8re de tutelle \u00e0 associer les transporteurs \u00e0 l\u2019\u00e9laboration des programmes de transport et des mesures \u00e0 prendre en p\u00e9riode de d\u00e9confinement, pr\u00e9conisant d\u2019imposer des mesures strictes \u00e0 la reprise des activit\u00e9s des transporteurs priv\u00e9s. Le Secr\u00e9taire g\u00e9n\u00e9rale [&hellip;]<\/p>\n","protected":false},"author":1740,"featured_media":0,"comment_status":"closed","ping_status":"closed","sticky":false,"template":"","format":"standard","meta":{"fifu_image_url":"","fifu_image_alt":"","footnotes":""},"categories":[53,76],"tags":[],"class_list":["post-88194","post","type-post","status-publish","format-standard","hentry","category-algerie","category-regions"],"_links":{"self":[{"href":"https:\/\/linitiative.ca\/International\/wp-json\/wp\/v2\/posts\/88194","targetHints":{"allow":["GET"]}}],"collection":[{"href":"https:\/\/linitiative.ca\/International\/wp-json\/wp\/v2\/posts"}],"about":[{"href":"https:\/\/linitiative.ca\/International\/wp-json\/wp\/v2\/types\/post"}],"author":[{"embeddable":true,"href":"https:\/\/linitiative.ca\/International\/wp-json\/wp\/v2\/users\/1740"}],"replies":[{"embeddable":true,"href":"https:\/\/linitiative.ca\/International\/wp-json\/wp\/v2\/comments?post=88194"}],"version-history":[{"count":0,"href":"https:\/\/linitiative.ca\/International\/wp-json\/wp\/v2\/posts\/88194\/revisions"}],"wp:attachment":[{"href":"https:\/\/linitiative.ca\/International\/wp-json\/wp\/v2\/media?parent=88194"}],"wp:term":[{"taxonomy":"category","embeddable":true,"href":"https:\/\/linitiative.ca\/International\/wp-json\/wp\/v2\/categories?post=88194"},{"taxonomy":"post_tag","embeddable":true,"href":"https:\/\/linitiative.ca\/International\/wp-json\/wp\/v2\/tags?post=88194"}],"curies":[{"name":"wp","href":"https:\/\/api.w.org\/{rel}","templated":true}]}}