{"id":88195,"date":"2020-06-07T13:16:00","date_gmt":"2020-06-07T17:16:00","guid":{"rendered":"https:\/\/linitiative.ca\/International\/rebrab-va-recuperer-les-activites-de-hyundai-de-tahkout\/"},"modified":"2020-06-07T13:16:00","modified_gmt":"2020-06-07T17:16:00","slug":"rebrab-va-recuperer-les-activites-de-hyundai-de-tahkout","status":"publish","type":"post","link":"https:\/\/linitiative.ca\/International\/rebrab-va-recuperer-les-activites-de-hyundai-de-tahkout\/","title":{"rendered":"Rebrab va r\u00e9cup\u00e9rer  les activit\u00e9s de Hyundai de Tahkout"},"content":{"rendered":"<p><br id=\"sep_para_1\" class=\"sep_para access\"\/><\/p>\n<div id=\"para_1\" class=\"para_37334103 resize\">\n<div class=\"texte access firstletter\">Partenaire\u00a0 historique\u00a0 de la marque Sud Cor\u00e9enne Hyundai, le Groupe Cevital\u00a0 de Isaad Rebrab est en phase\u00a0 de r\u00e9cup\u00e9rer\u00a0 la totalit\u00e9 de ce partenariat\u00a0\u00a0 qui lui a \u00e9t\u00e9 retir\u00e9 au temps de\u00a0 l\u2019ancien ministre de l\u2019Industrie et des Mines Abdeslam Bouchouareb au profit de Mahieddine Tahkout actuellement en prison, a r\u00e9v\u00e9l\u00e9 le site express-dz.\u00a0 Cette\u00a0 reprise qui a commenc\u00e9 graduellement depuis janvier 2020 par d\u00e9cision judiciaire,\u00a0 va certainement\u00a0 sauver les milliers d\u2019emplois menac\u00e9s\u00a0 depuis l\u2019emprisonnement de Tahkout\u00a0 et red\u00e9marrer la fili\u00e8re de montage automobile\u00a0 sur de nouvelles bases et un nouveau cahier de charges, favorisant r\u00e9ellement\u00a0 l\u2019int\u00e9gration en mettant fin \u00e0\u00a0 \u00ab l\u2019industrie de gonflage des pneus \u00bb tant d\u00e9cri\u00e9e par les Alg\u00e9riens. En arr\u00eat d\u2019activit\u00e9\u00a0 depuis plusieurs mois en raison de la rupture d\u2019approvisionnement en kits de montage, les usines de Tahkout\u00a0 de montage automobile, font face\u00a0 depuis plus d\u2019une ann\u00e9e \u00e0 une asphyxie financi\u00e8re. Les plans sociaux mis en route pour les sauver de la banqueroute\u00a0 ne sont pas du go\u00fbt des employ\u00e9s qui savent que la perte totale de leurs emplois n\u2019est qu\u2019une question de jours. La reprise des activit\u00e9s Hyundai en Alg\u00e9rie par le groupe Cevital donnera-t-elle un nouveau souffle \u00e0 ce secteur consid\u00e9r\u00e9 par beaucoup\u00a0 d\u2019Alg\u00e9riens comme parasitaire et qui n\u2019a m\u00eame pas atteint selon les responsable du secteur 5% d\u2019int\u00e9gration ?\u00a0 Les milliers d\u2019emplois menac\u00e9s\u00a0 seront-ils enfin sauv\u00e9s ? On le saura dans les prochaines semaines.<\/div>\n<\/div>\n<p>Auteur: R\u00e9flexion<br \/>\n<a href=\"https:\/\/www.reflexiondz.net\/Rebrab-va-recuperer-les-activites-de-Hyundai-de-Tahkout_a63210.html\">Cliquez ici pour lire l&rsquo;article depuis sa source.<\/a><\/p>\n","protected":false},"excerpt":{"rendered":"<p>Partenaire\u00a0 historique\u00a0 de la marque Sud Cor\u00e9enne Hyundai, le Groupe Cevital\u00a0 de Isaad Rebrab est en phase\u00a0 de r\u00e9cup\u00e9rer\u00a0 la totalit\u00e9 de ce partenariat\u00a0\u00a0 qui lui a \u00e9t\u00e9 retir\u00e9 au temps de\u00a0 l\u2019ancien ministre de l\u2019Industrie et des Mines Abdeslam Bouchouareb au profit de Mahieddine Tahkout actuellement en prison, a r\u00e9v\u00e9l\u00e9 le site express-dz.\u00a0 Cette\u00a0 [&hellip;]<\/p>\n","protected":false},"author":1740,"featured_media":0,"comment_status":"closed","ping_status":"closed","sticky":false,"template":"","format":"standard","meta":{"fifu_image_url":"","fifu_image_alt":"","footnotes":""},"categories":[53,76],"tags":[],"class_list":["post-88195","post","type-post","status-publish","format-standard","hentry","category-algerie","category-regions"],"_links":{"self":[{"href":"https:\/\/linitiative.ca\/International\/wp-json\/wp\/v2\/posts\/88195","targetHints":{"allow":["GET"]}}],"collection":[{"href":"https:\/\/linitiative.ca\/International\/wp-json\/wp\/v2\/posts"}],"about":[{"href":"https:\/\/linitiative.ca\/International\/wp-json\/wp\/v2\/types\/post"}],"author":[{"embeddable":true,"href":"https:\/\/linitiative.ca\/International\/wp-json\/wp\/v2\/users\/1740"}],"replies":[{"embeddable":true,"href":"https:\/\/linitiative.ca\/International\/wp-json\/wp\/v2\/comments?post=88195"}],"version-history":[{"count":0,"href":"https:\/\/linitiative.ca\/International\/wp-json\/wp\/v2\/posts\/88195\/revisions"}],"wp:attachment":[{"href":"https:\/\/linitiative.ca\/International\/wp-json\/wp\/v2\/media?parent=88195"}],"wp:term":[{"taxonomy":"category","embeddable":true,"href":"https:\/\/linitiative.ca\/International\/wp-json\/wp\/v2\/categories?post=88195"},{"taxonomy":"post_tag","embeddable":true,"href":"https:\/\/linitiative.ca\/International\/wp-json\/wp\/v2\/tags?post=88195"}],"curies":[{"name":"wp","href":"https:\/\/api.w.org\/{rel}","templated":true}]}}