{"id":88196,"date":"2020-06-07T13:16:00","date_gmt":"2020-06-07T17:16:00","guid":{"rendered":"https:\/\/linitiative.ca\/International\/sonatrach-aurait-decide-la-resiliation-du-contrat-avec-la-societe-libanaise-edl\/"},"modified":"2020-06-07T13:16:00","modified_gmt":"2020-06-07T17:16:00","slug":"sonatrach-aurait-decide-la-resiliation-du-contrat-avec-la-societe-libanaise-edl","status":"publish","type":"post","link":"https:\/\/linitiative.ca\/International\/sonatrach-aurait-decide-la-resiliation-du-contrat-avec-la-societe-libanaise-edl\/","title":{"rendered":"Sonatrach aurait d\u00e9cid\u00e9 la r\u00e9siliation du contrat avec la soci\u00e9t\u00e9 libanaise EDL"},"content":{"rendered":"<p><br id=\"sep_para_1\" class=\"sep_para access\"\/><\/p>\n<div id=\"para_1\" class=\"para_37334110 resize\">\n<div class=\"texte access firstletter\">Apr\u00e8s le scandale du\u00a0 \u00ab carburant imparfait \u00bb qui a secou\u00e9 la Sonatrach, livr\u00e9 \u00e0 la soci\u00e9t\u00e9 libanaise d\u2019\u00e9lectricit\u00e9 EDL, la compagnie p\u00e9troli\u00e8re nationale dirig\u00e9 par Toufik Hakkar\u00a0 aurait\u00a0 d\u00e9cid\u00e9 de \u00ab rompre unilat\u00e9ralement le contrat \u00bb qui la lie \u00e0 la compagnie libanaise,\u00a0 Selon des journaux locaux, cit\u00e9s par des m\u00e9dias alg\u00e9riens, le ministre libanais de l\u2019Energie, Raymond Adjaz, aurait \u00e9t\u00e9 inform\u00e9, il y a deux jours, par les autorit\u00e9s alg\u00e9riennes de la rupture du contrat qui doit normalement courir jusqu\u2019au 31 d\u00e9cembre prochain.\u00a0\u00a0 L\u2019affaire a d\u2019ailleurs fait grand bruit, notons\u00a0 qu\u2019une enqu\u00eate\u00a0 \u00e0 \u00e9t\u00e9 engag\u00e9e pour faire la lumi\u00e8re sur cette scabreuse affaire qui a \u00e9corn\u00e9 l\u2019image de la Sonatrach. Pour rappel, Le porte-parole de la pr\u00e9sidence de la R\u00e9publique, Mohamed Oussaid, lors d\u2019une\u00a0 conf\u00e9rence de presse, avait d\u00e9clar\u00e9, en r\u00e9ponse \u00e0 la question d\u2019un journaliste, qu\u2019il \u00ab s\u2019agit d\u2019une faire libano-libanaise \u00bb.\u00a0 \u00abS\u2019il y a des individus qui sont impliqu\u00e9s, la justice alg\u00e9rienne se chargera du volet concernant l\u2019Alg\u00e9rie \u00bb; avait\u00a0 encore soulign\u00e9 en substance\u00a0 le porte-parole de la Pr\u00e9sidence, ajoutant que \u00ab l\u2019Alg\u00e9rie en tant qu\u2019\u00c9tat n\u2019est pas impliqu\u00e9e \u00bb.<\/div>\n<\/div>\n<p>Auteur: R\u00e9flexion<br \/>\n<a href=\"https:\/\/www.reflexiondz.net\/Sonatrach-aurait-decide-la-resiliation-du-contrat-avec-la-societe-libanaise-EDL_a63211.html\">Cliquez ici pour lire l&rsquo;article depuis sa source.<\/a><\/p>\n","protected":false},"excerpt":{"rendered":"<p>Apr\u00e8s le scandale du\u00a0 \u00ab carburant imparfait \u00bb qui a secou\u00e9 la Sonatrach, livr\u00e9 \u00e0 la soci\u00e9t\u00e9 libanaise d\u2019\u00e9lectricit\u00e9 EDL, la compagnie p\u00e9troli\u00e8re nationale dirig\u00e9 par Toufik Hakkar\u00a0 aurait\u00a0 d\u00e9cid\u00e9 de \u00ab rompre unilat\u00e9ralement le contrat \u00bb qui la lie \u00e0 la compagnie libanaise,\u00a0 Selon des journaux locaux, cit\u00e9s par des m\u00e9dias alg\u00e9riens, le ministre [&hellip;]<\/p>\n","protected":false},"author":1740,"featured_media":0,"comment_status":"closed","ping_status":"closed","sticky":false,"template":"","format":"standard","meta":{"fifu_image_url":"","fifu_image_alt":"","footnotes":""},"categories":[53,76],"tags":[],"class_list":["post-88196","post","type-post","status-publish","format-standard","hentry","category-algerie","category-regions"],"_links":{"self":[{"href":"https:\/\/linitiative.ca\/International\/wp-json\/wp\/v2\/posts\/88196","targetHints":{"allow":["GET"]}}],"collection":[{"href":"https:\/\/linitiative.ca\/International\/wp-json\/wp\/v2\/posts"}],"about":[{"href":"https:\/\/linitiative.ca\/International\/wp-json\/wp\/v2\/types\/post"}],"author":[{"embeddable":true,"href":"https:\/\/linitiative.ca\/International\/wp-json\/wp\/v2\/users\/1740"}],"replies":[{"embeddable":true,"href":"https:\/\/linitiative.ca\/International\/wp-json\/wp\/v2\/comments?post=88196"}],"version-history":[{"count":0,"href":"https:\/\/linitiative.ca\/International\/wp-json\/wp\/v2\/posts\/88196\/revisions"}],"wp:attachment":[{"href":"https:\/\/linitiative.ca\/International\/wp-json\/wp\/v2\/media?parent=88196"}],"wp:term":[{"taxonomy":"category","embeddable":true,"href":"https:\/\/linitiative.ca\/International\/wp-json\/wp\/v2\/categories?post=88196"},{"taxonomy":"post_tag","embeddable":true,"href":"https:\/\/linitiative.ca\/International\/wp-json\/wp\/v2\/tags?post=88196"}],"curies":[{"name":"wp","href":"https:\/\/api.w.org\/{rel}","templated":true}]}}