{"id":88197,"date":"2020-06-07T13:16:00","date_gmt":"2020-06-07T17:16:00","guid":{"rendered":"https:\/\/linitiative.ca\/International\/bekkat-met-en-garde-contre-le-non-respect-des-mesures-preventives\/"},"modified":"2020-06-07T13:16:00","modified_gmt":"2020-06-07T17:16:00","slug":"bekkat-met-en-garde-contre-le-non-respect-des-mesures-preventives","status":"publish","type":"post","link":"https:\/\/linitiative.ca\/International\/bekkat-met-en-garde-contre-le-non-respect-des-mesures-preventives\/","title":{"rendered":"Bekkat  met en garde contre le non-respect  des mesures pr\u00e9ventives"},"content":{"rendered":"<p><br id=\"sep_para_1\" class=\"sep_para access\"\/><\/p>\n<div id=\"para_1\" class=\"para_37334113 resize\">\n<div class=\"texte access firstletter\">Le Dr Mohamed Berkani Bekkat, membre du Comite\u0301 de suivi de la pand\u00e9mie en Alg\u00e9rie\u00a0\u00a0 fait savoir\u00a0 que \u00ab la sortie progressive du confinement s\u2019accompagne du respect strict des gestes barri\u00e8res par tout un chacun \u00bb. Pour lui, l\u2019ensemble des acteurs doit \u00eatre mobilise\u0301 pour casser les chaines de transmission d\u2019un virus qui est toujours actif ; \u00ab M\u00eame si l\u2019\u00e9pid\u00e9mie ralentit, elle reste active, et le virus circule toujours \u00bb. Et alors que certains pays se pr\u00e9parent a\u0300 la sortie du confinement, l\u2019OMS a souligne\u0301 qu\u2019une lev\u00e9e trop rapide des restrictions pourrait entrainer une r\u00e9surgence mortelle de la pand\u00e9mie. Dr Bekkat semble tout aussi inquiet a\u0300 ce sujet, m\u00eame si selon lui, il fallait de\u0301confiner pour des consid\u00e9rations sociaux-\u00e9conomiques, il pr\u00e9vient : \u00abSi l\u2019on ne respecte pas les consignes, si on sort de mani\u00e8re anarchique, sans masque, sans respecter la distanciation sociale, si on sort en masse dans les march\u00e9s, les commerces, dans les bus, et autres transports en commun\u2026Nous allons in\u00e9vitablement connaitre une deuxi\u00e8me vague, et un retour a\u0300 un confinement beaucoup plus radical \u00bb.<\/div>\n<\/div>\n<p>Auteur: R\u00e9flexion<br \/>\n<a href=\"https:\/\/www.reflexiondz.net\/Bekkat-met-en-garde-contre-le-non-respect-des-mesures-preventives_a63213.html\">Cliquez ici pour lire l&rsquo;article depuis sa source.<\/a><\/p>\n","protected":false},"excerpt":{"rendered":"<p>Le Dr Mohamed Berkani Bekkat, membre du Comite\u0301 de suivi de la pand\u00e9mie en Alg\u00e9rie\u00a0\u00a0 fait savoir\u00a0 que \u00ab la sortie progressive du confinement s\u2019accompagne du respect strict des gestes barri\u00e8res par tout un chacun \u00bb. Pour lui, l\u2019ensemble des acteurs doit \u00eatre mobilise\u0301 pour casser les chaines de transmission d\u2019un virus qui est toujours [&hellip;]<\/p>\n","protected":false},"author":1740,"featured_media":0,"comment_status":"closed","ping_status":"closed","sticky":false,"template":"","format":"standard","meta":{"fifu_image_url":"","fifu_image_alt":"","footnotes":""},"categories":[53,76],"tags":[],"class_list":["post-88197","post","type-post","status-publish","format-standard","hentry","category-algerie","category-regions"],"_links":{"self":[{"href":"https:\/\/linitiative.ca\/International\/wp-json\/wp\/v2\/posts\/88197","targetHints":{"allow":["GET"]}}],"collection":[{"href":"https:\/\/linitiative.ca\/International\/wp-json\/wp\/v2\/posts"}],"about":[{"href":"https:\/\/linitiative.ca\/International\/wp-json\/wp\/v2\/types\/post"}],"author":[{"embeddable":true,"href":"https:\/\/linitiative.ca\/International\/wp-json\/wp\/v2\/users\/1740"}],"replies":[{"embeddable":true,"href":"https:\/\/linitiative.ca\/International\/wp-json\/wp\/v2\/comments?post=88197"}],"version-history":[{"count":0,"href":"https:\/\/linitiative.ca\/International\/wp-json\/wp\/v2\/posts\/88197\/revisions"}],"wp:attachment":[{"href":"https:\/\/linitiative.ca\/International\/wp-json\/wp\/v2\/media?parent=88197"}],"wp:term":[{"taxonomy":"category","embeddable":true,"href":"https:\/\/linitiative.ca\/International\/wp-json\/wp\/v2\/categories?post=88197"},{"taxonomy":"post_tag","embeddable":true,"href":"https:\/\/linitiative.ca\/International\/wp-json\/wp\/v2\/tags?post=88197"}],"curies":[{"name":"wp","href":"https:\/\/api.w.org\/{rel}","templated":true}]}}