{"id":88198,"date":"2020-06-07T13:16:00","date_gmt":"2020-06-07T17:16:00","guid":{"rendered":"https:\/\/linitiative.ca\/International\/xavier-driencourt-confirme-son-depart-dalger\/"},"modified":"2020-06-07T13:16:00","modified_gmt":"2020-06-07T17:16:00","slug":"xavier-driencourt-confirme-son-depart-dalger","status":"publish","type":"post","link":"https:\/\/linitiative.ca\/International\/xavier-driencourt-confirme-son-depart-dalger\/","title":{"rendered":"Xavier Driencourt confirme son d\u00e9part d\u2019Alger"},"content":{"rendered":"<p><br id=\"sep_para_1\" class=\"sep_para access\"\/><\/p>\n<div id=\"para_1\" class=\"para_37334112 resize\">\n<div class=\"texte access firstletter\">L\u2019ambassadeur fran\u00e7ais en Alg\u00e9rie, Xavier Driencourt,\u00a0 quittera d\u00e9finitivement l\u2019Alg\u00e9rie cet \u00e9t\u00e9, rapporte le site Alg\u00e9rie 1. En effet,\u00a0 la rumeur sur le d\u00e9part de l\u2019ambassadeur actuel de France en Alg\u00e9rie, ces derniers jours s\u2019est confirm\u00e9e dimanche, par la d\u00e9claration de l\u2019int\u00e9ress\u00e9 au site \u00ab Alg\u00e9rie1\u00a0 \u00bb confirmant son d\u00e9part \u00e0 la retraite durant cet \u00e9t\u00e9. \u00ab S\u2019il y a une chose que je ne peux pas modifier, c\u2019est ma date de naissance qui conditionne la date de mon d\u00e9part en retraite \u00bb a t-il d\u00e9clar\u00e9 \u00e0 la m\u00eame source. De ce fait, il affirme que \u00ab effectivement, ma retraite est pr\u00e9vue de tr\u00e8s longue date et donc mon d\u00e9part d\u2019Alger \u00bb. Dans la foul\u00e9e, un successeur est annonc\u00e9 par certains, m\u00e9dias, il s\u2019agit du Fran\u00e7ois Gouyette, qui est actuellement ambassadeur de France en Arabie Saoudite, toutefois, c\u2019est le Quai d\u2019Orsay qui tranchera \u00e0 propos de cette question dans les prochains mois.<\/div>\n<\/div>\n<p>Auteur: R\u00e9flexion<br \/>\n<a href=\"https:\/\/www.reflexiondz.net\/Xavier-Driencourt-confirme-son-depart-d-Alger_a63212.html\">Cliquez ici pour lire l&rsquo;article depuis sa source.<\/a><\/p>\n","protected":false},"excerpt":{"rendered":"<p>L\u2019ambassadeur fran\u00e7ais en Alg\u00e9rie, Xavier Driencourt,\u00a0 quittera d\u00e9finitivement l\u2019Alg\u00e9rie cet \u00e9t\u00e9, rapporte le site Alg\u00e9rie 1. En effet,\u00a0 la rumeur sur le d\u00e9part de l\u2019ambassadeur actuel de France en Alg\u00e9rie, ces derniers jours s\u2019est confirm\u00e9e dimanche, par la d\u00e9claration de l\u2019int\u00e9ress\u00e9 au site \u00ab Alg\u00e9rie1\u00a0 \u00bb confirmant son d\u00e9part \u00e0 la retraite durant cet \u00e9t\u00e9. [&hellip;]<\/p>\n","protected":false},"author":1740,"featured_media":0,"comment_status":"closed","ping_status":"closed","sticky":false,"template":"","format":"standard","meta":{"fifu_image_url":"","fifu_image_alt":"","footnotes":""},"categories":[53,76],"tags":[],"class_list":["post-88198","post","type-post","status-publish","format-standard","hentry","category-algerie","category-regions"],"_links":{"self":[{"href":"https:\/\/linitiative.ca\/International\/wp-json\/wp\/v2\/posts\/88198","targetHints":{"allow":["GET"]}}],"collection":[{"href":"https:\/\/linitiative.ca\/International\/wp-json\/wp\/v2\/posts"}],"about":[{"href":"https:\/\/linitiative.ca\/International\/wp-json\/wp\/v2\/types\/post"}],"author":[{"embeddable":true,"href":"https:\/\/linitiative.ca\/International\/wp-json\/wp\/v2\/users\/1740"}],"replies":[{"embeddable":true,"href":"https:\/\/linitiative.ca\/International\/wp-json\/wp\/v2\/comments?post=88198"}],"version-history":[{"count":0,"href":"https:\/\/linitiative.ca\/International\/wp-json\/wp\/v2\/posts\/88198\/revisions"}],"wp:attachment":[{"href":"https:\/\/linitiative.ca\/International\/wp-json\/wp\/v2\/media?parent=88198"}],"wp:term":[{"taxonomy":"category","embeddable":true,"href":"https:\/\/linitiative.ca\/International\/wp-json\/wp\/v2\/categories?post=88198"},{"taxonomy":"post_tag","embeddable":true,"href":"https:\/\/linitiative.ca\/International\/wp-json\/wp\/v2\/tags?post=88198"}],"curies":[{"name":"wp","href":"https:\/\/api.w.org\/{rel}","templated":true}]}}