{"id":88205,"date":"2020-06-07T06:00:00","date_gmt":"2020-06-07T10:00:00","guid":{"rendered":"https:\/\/linitiative.ca\/International\/edgar-morin-ses-souvenirs-tunisiens-qui-viennent-a-sa-rencontre\/"},"modified":"2020-06-07T06:00:00","modified_gmt":"2020-06-07T10:00:00","slug":"edgar-morin-ses-souvenirs-tunisiens-qui-viennent-a-sa-rencontre","status":"publish","type":"post","link":"https:\/\/linitiative.ca\/International\/edgar-morin-ses-souvenirs-tunisiens-qui-viennent-a-sa-rencontre\/","title":{"rendered":"Edgar Morin: Ses souvenirs tunisiens qui viennent \u00e0 sa rencontre"},"content":{"rendered":"<p>Il bouclera ses 99 ans le 8 juillet prochain. Edgar Morin, r\u00e9sistant, penseur de la complexit\u00e9, sociologue et philosophe, ne cesse d\u2019\u00e9crire. Son dernier livre intitul\u00e9 \u00abLes souvenirs viennent \u00e0 ma rencontre\u00bb (Fayard) r\u00e9v\u00e8le des facettes peu connues de sa vie tumultueuse, de ses amours passionn\u00e9es, de ses batailles de r\u00e9sistant et d\u2019intellectuel. Revenant sur son si\u00e8cle, il dresse des portraits soigneusement taill\u00e9s de ceux qu\u2019il a connus et retrace ses pas autour du monde\u2026 et en Tunisie. Avec Jean Daniel, il succombera au charme de la vie en bande \u00e0 Sidi Bou Sa\u00efd, o\u00f9 l\u2019avait invit\u00e9 une premi\u00e8re fois Jean Duvignaud, qui enseignait alors \u00e0 Tunis. Un livre succulent o\u00f9 se m\u00eale la philosophie \u00e0 la sociologie, l\u2019intime au public. Edgar Morin introduit le lecteur dans la grande bulle parisienne de Sartre, Breton, Barthes, mais aussi Mitterrand, Martinet, Daniel et autres ic\u00f4nes et l\u2019emm\u00e8ne dans ses escapades aux quatre coins du monde.<\/p>\n<p><em>\u00abBien qu\u2019ils \u00e9manent de ma m\u00e9moire, ces souvenirs ne sont pas des M\u00e9moires qui ob\u00e9iraient \u00e0 un ordre chronologique, pr\u00e9vient d\u2019embl\u00e9e Edgar Morin dans son introduction. Ils me sont venus et m\u2019ont envahi selon l\u2019inspiration, les circonstances, s\u2019interpellant les uns les autres, certains en ont fait \u00e9merger d\u2019autres de l\u2019oubli. Je crains qu\u2019il en soit de tr\u00e8s chers et tr\u00e8s marquants qui reviendront trop tard. (\u2026) \u00ab Ils t\u00e9moignent des illuminations qui m\u2019ont r\u00e9v\u00e9l\u00e9 mes v\u00e9rit\u00e9s, de mes \u00e9motions, de mes ferveurs, de mes douleurs, de mes bonheurs (\u2026)<br \/><\/em><\/p>\n<p><em>Ils t\u00e9moignent que je suis devenu tout ce que j\u2019ai rencontr\u00e9.<br \/><\/em><\/p>\n<p><em>Ces souvenirs t\u00e9moignent enfin d\u2019une extr\u00eame diversit\u00e9 de curiosit\u00e9s et d\u2019int\u00e9r\u00eats, mais aussi d\u2019une obsession essentielle, in\u00e9puisable, in\u00e9puis\u00e9e, celle qu\u2019exprimait Kant et qui n\u2019a cess\u00e9 de m\u2019animer : que puis-je savoir? Que puis-je croire ? Que puis-je esp\u00e9rer? Ins\u00e9parable de la triple question : qu\u2019est-ce que l\u2019homme, la vie, l\u2019univers ?\u00bb<\/em><\/p>\n<p><span class=\"c2\"><strong>Les souvenirs viennent \u00e0 ma rencontre Edgar Morin<\/strong><\/span><strong><br \/><em>Fayard, 2019, 450 p. 26 \u20ac<\/em><\/strong><\/p>\n<div class=\"c4\" readability=\"36\"><span class=\"c2\"><span class=\"c3\"><strong>Avec Jean Duvignaud, Jean Daniel et Raouf Ben Brahem dans la magie de Sidi Bou<\/strong><\/span><\/span><br \/><em><br \/><img decoding=\"async\" src=\"\/uploads\/FCK_files\/Ben-Brahem.jpg\" alt=\"\" width=\"30%\" vspace=\"5\" hspace=\"5\" align=\"right\"\/>\u00abNomm\u00e9 ma\u00eetre de conf\u00e9rences \u00e0 l\u2019universit\u00e9 de Tunis en 1960, il s\u2019\u00e9tait install\u00e9 dans le magique Sidi Bou Sa\u00efd, petite r\u00e9publique multiculturelle d\u2019artistes, journalistes, \u00e9crivains, qui comportait de nombreux couples mixtes. Il s\u2019\u00e9tait s\u00e9par\u00e9 de Clara et mari\u00e9 avec une jeune femme douce, discr\u00e8te, secr\u00e8te, Christine, qui disparaissait et r\u00e9apparaissait myst\u00e9rieusement. Il m\u2019invita chez lui. Je me souviens que je les conduisais en Jeep \u00e0 travers champs et collines, grimpant et d\u00e9gringolant dans les rires et un peu d\u2019affolement\u00bb.<\/em><\/p>\n<p><img decoding=\"async\" src=\"\/uploads\/FCK_files\/Jean-Daniel(1).jpg\" alt=\"\" width=\"30%\" vspace=\"5\" hspace=\"5\" align=\"left\"\/>Les deux couples Morin et Daniel s\u2019entendaient bien. \u00abIls furent tr\u00e8s bienveillants, et nous invit\u00e8rent \u00e0 un premier s\u00e9jour en Tunisie ; nous all\u00e2mes dans le d\u00e9sert, pass\u00e2mes quelque temps dans l\u2019oasis de Tozeur, o\u00f9 nous d\u00e9couvr\u00eemes Tijani, ramasseur de scorpions pour l\u2019industrie pharmaceutique allemande, qui s\u2019immunisait des piq\u00fbres mortelles en prenant des soupes de leur venin, et, quand il \u00e9tait piqu\u00e9, se mettait \u00e0 transpirer du visage, ce qui lui faisait dire : \u00abJ\u2019ai de la pluie sur ma t\u00eate.\u00bb<\/p>\n<p>Nous \u00e9tions avec leurs amis : Josette Alia, journaliste qui passa au Nouvel Observateur, et son mari, le docteur Raouf Ben Brahem, p\u00e9diatre, qui s\u2019installa \u00e0 Paris. Raouf m\u2019offrit deux ann\u00e9es plus tard, pendant un hiver, la possibilit\u00e9 de loger dans sa maison de Sidi Bou Sa\u00efd qui surplombait la mer. Il avait install\u00e9 pour moi une chemin\u00e9e. Je travaillais devant une baie vitr\u00e9e et, d\u00e8s que je levais le nez de ma feuille ou de ma machine \u00e0 \u00e9crire, mon regard plongeait sur l\u2019infini marin. Il m\u2019arrivait de travailler jusqu\u2019\u00e0 5 heures du matin puis de rejoindre Johanne dans la bo\u00eete du village o\u00f9 elle n\u2019arr\u00eatait pas de danser, et je me laissai \u00e0 mon tour poss\u00e9der. Il y avait l\u00e0-bas encore \u00e0 l\u2019\u00e9poque une petite soci\u00e9t\u00e9. Nous fr\u00e9quentions le peintre Ben Abdallah et sa femme, la belle Latifa, amis des Daniel\u00bb.<\/p>\n<\/div>\n<p class=\"c5\"><strong><a href=\"\/uploads\/FCK_files\/file\/Leaders%20N%C2%B0109%20Juin-interactif.pdf\"><img loading=\"lazy\" decoding=\"async\" src=\"\/uploads\/FCK_files\/Bondou(8).jpg\" alt=\"\" width=\"500\" vspace=\"5\" hspace=\"5\" height=\"128\" align=\"middle\"\/><\/a><\/strong><\/p>\n<p>Auteur:<br \/>\n<a href=\"https:\/\/www.leaders.com.tn\/article\/30066-edgar-morin-ses-souvenirs-tunisiens-qui-viennent-a-sa-rencontre\">Cliquez ici pour lire l&rsquo;article depuis sa source.<\/a><\/p>\n","protected":false},"excerpt":{"rendered":"<p>Il bouclera ses 99 ans le 8 juillet prochain. Edgar Morin, r\u00e9sistant, penseur de la complexit\u00e9, sociologue et philosophe, ne cesse d\u2019\u00e9crire. Son dernier livre intitul\u00e9 \u00abLes souvenirs viennent \u00e0 ma rencontre\u00bb (Fayard) r\u00e9v\u00e8le des facettes peu connues de sa vie tumultueuse, de ses amours passionn\u00e9es, de ses batailles de r\u00e9sistant et d\u2019intellectuel. Revenant sur [&hellip;]<\/p>\n","protected":false},"author":1772,"featured_media":88206,"comment_status":"closed","ping_status":"closed","sticky":false,"template":"","format":"standard","meta":{"fifu_image_url":"","fifu_image_alt":"","footnotes":""},"categories":[73,55],"tags":[],"class_list":["post-88205","post","type-post","status-publish","format-standard","has-post-thumbnail","hentry","category-actualite","category-tunisie"],"_links":{"self":[{"href":"https:\/\/linitiative.ca\/International\/wp-json\/wp\/v2\/posts\/88205","targetHints":{"allow":["GET"]}}],"collection":[{"href":"https:\/\/linitiative.ca\/International\/wp-json\/wp\/v2\/posts"}],"about":[{"href":"https:\/\/linitiative.ca\/International\/wp-json\/wp\/v2\/types\/post"}],"author":[{"embeddable":true,"href":"https:\/\/linitiative.ca\/International\/wp-json\/wp\/v2\/users\/1772"}],"replies":[{"embeddable":true,"href":"https:\/\/linitiative.ca\/International\/wp-json\/wp\/v2\/comments?post=88205"}],"version-history":[{"count":0,"href":"https:\/\/linitiative.ca\/International\/wp-json\/wp\/v2\/posts\/88205\/revisions"}],"wp:featuredmedia":[{"embeddable":true,"href":"https:\/\/linitiative.ca\/International\/wp-json\/"}],"wp:attachment":[{"href":"https:\/\/linitiative.ca\/International\/wp-json\/wp\/v2\/media?parent=88205"}],"wp:term":[{"taxonomy":"category","embeddable":true,"href":"https:\/\/linitiative.ca\/International\/wp-json\/wp\/v2\/categories?post=88205"},{"taxonomy":"post_tag","embeddable":true,"href":"https:\/\/linitiative.ca\/International\/wp-json\/wp\/v2\/tags?post=88205"}],"curies":[{"name":"wp","href":"https:\/\/api.w.org\/{rel}","templated":true}]}}