{"id":88207,"date":"2020-06-07T07:18:00","date_gmt":"2020-06-07T11:18:00","guid":{"rendered":"https:\/\/linitiative.ca\/International\/quand-les-tunisiens-denoncent-le-meurtre-de-georges-floyd-album-photos\/"},"modified":"2020-06-07T07:18:00","modified_gmt":"2020-06-07T11:18:00","slug":"quand-les-tunisiens-denoncent-le-meurtre-de-georges-floyd-album-photos","status":"publish","type":"post","link":"https:\/\/linitiative.ca\/International\/quand-les-tunisiens-denoncent-le-meurtre-de-georges-floyd-album-photos\/","title":{"rendered":"Quand les Tunisiens d\u00e9noncent le meurtre de Georges Floyd (Album photos)"},"content":{"rendered":"<p class=\"c2\">S\u2019ils n\u2019\u00e9taient pas nombreux, ils \u00e9taient significatifs en force de d\u00e9nonciation et puissance de solidarit\u00e9. Des dizaines de Tunisiens, essentiellement des jeunes, ont vivement protest\u00e9 samedi sur l\u2019avenue Bourguiba, au c\u0153ur de Tunis, contre les exactions polici\u00e8res am\u00e9ricaines conduisant au meurtre de l\u2019afro-am\u00e9ricain Georges Floyd, le\u00a025 mai dernier \u00e0\u00a0Minneapolis. Leur indignation \u00e9taient vive. Reprenant des slogans scand\u00e9s un peu partout aux \u00c9tats-Unis et dans plusieurs pays, les manifestants n\u2019ont pas manqu\u00e9 de d\u00e9noncer, pacifiquement dans la foul\u00e9e les violeurs, les harceleurs et les populismes. Criant justice, fustigeant racisme, ils ont tenu \u00e0 exprimer toute leur solidarit\u00e9 avec les minorit\u00e9s opprim\u00e9es et stigmatiser la violence polici\u00e8re, aux \u00c9tats-Unis et partout dans le monde. Dans une ambiance plut\u00f4t bon enfant.<\/p>\n<p>\u00a0<br \/>\nAuteur:<br \/>\n<a href=\"https:\/\/www.leaders.com.tn\/article\/30067-quand-les-tunisiens-denoncent-le-meurtre-de-georges-floyd-album-photos\">Cliquez ici pour lire l&rsquo;article depuis sa source.<\/a><\/p>\n","protected":false},"excerpt":{"rendered":"<p>S\u2019ils n\u2019\u00e9taient pas nombreux, ils \u00e9taient significatifs en force de d\u00e9nonciation et puissance de solidarit\u00e9. Des dizaines de Tunisiens, essentiellement des jeunes, ont vivement protest\u00e9 samedi sur l\u2019avenue Bourguiba, au c\u0153ur de Tunis, contre les exactions polici\u00e8res am\u00e9ricaines conduisant au meurtre de l\u2019afro-am\u00e9ricain Georges Floyd, le\u00a025 mai dernier \u00e0\u00a0Minneapolis. Leur indignation \u00e9taient vive. Reprenant des [&hellip;]<\/p>\n","protected":false},"author":1772,"featured_media":0,"comment_status":"closed","ping_status":"closed","sticky":false,"template":"","format":"standard","meta":{"fifu_image_url":"","fifu_image_alt":"","footnotes":""},"categories":[73,55],"tags":[],"class_list":["post-88207","post","type-post","status-publish","format-standard","hentry","category-actualite","category-tunisie"],"_links":{"self":[{"href":"https:\/\/linitiative.ca\/International\/wp-json\/wp\/v2\/posts\/88207","targetHints":{"allow":["GET"]}}],"collection":[{"href":"https:\/\/linitiative.ca\/International\/wp-json\/wp\/v2\/posts"}],"about":[{"href":"https:\/\/linitiative.ca\/International\/wp-json\/wp\/v2\/types\/post"}],"author":[{"embeddable":true,"href":"https:\/\/linitiative.ca\/International\/wp-json\/wp\/v2\/users\/1772"}],"replies":[{"embeddable":true,"href":"https:\/\/linitiative.ca\/International\/wp-json\/wp\/v2\/comments?post=88207"}],"version-history":[{"count":0,"href":"https:\/\/linitiative.ca\/International\/wp-json\/wp\/v2\/posts\/88207\/revisions"}],"wp:attachment":[{"href":"https:\/\/linitiative.ca\/International\/wp-json\/wp\/v2\/media?parent=88207"}],"wp:term":[{"taxonomy":"category","embeddable":true,"href":"https:\/\/linitiative.ca\/International\/wp-json\/wp\/v2\/categories?post=88207"},{"taxonomy":"post_tag","embeddable":true,"href":"https:\/\/linitiative.ca\/International\/wp-json\/wp\/v2\/tags?post=88207"}],"curies":[{"name":"wp","href":"https:\/\/api.w.org\/{rel}","templated":true}]}}