{"id":88208,"date":"2020-06-07T07:50:00","date_gmt":"2020-06-07T11:50:00","guid":{"rendered":"https:\/\/linitiative.ca\/International\/historique-reprise-de-la-priere-a-la-mosquee-la-zitouna-deconfinee-album-photos\/"},"modified":"2020-06-07T07:50:00","modified_gmt":"2020-06-07T11:50:00","slug":"historique-reprise-de-la-priere-a-la-mosquee-la-zitouna-deconfinee-album-photos","status":"publish","type":"post","link":"https:\/\/linitiative.ca\/International\/historique-reprise-de-la-priere-a-la-mosquee-la-zitouna-deconfinee-album-photos\/","title":{"rendered":"Historique \u2013 Reprise de la pri\u00e8re \u00e0 la Mosqu\u00e9e la Zitouna, d\u00e9confin\u00e9e (Album photos)"},"content":{"rendered":"<p>Jamais de m\u00e9moire d\u2019un beldi, enfant de la m\u00e9dina de Tunis, la mosqu\u00e9e de la Zitouna, haut lieu historique de l\u2019Islam en Tunisie et jadis de l\u2019enseignement religieux, n\u2019avait ferm\u00e9 ses portes. M\u00eame lors des sombres jours des conqu\u00eates \u00e9trang\u00e8res successives, de la r\u00e9sistance\u00a0 sous le protectorat ou des violentes manifestations de ces derni\u00e8res ann\u00e9es, elle a toujours maintenu sa grande salle de pri\u00e8re ouverte, assurant le service des cinq pri\u00e8res quotidiennes et la psalmodie continue du Livre Saint, nuit et jour. Le Covid-19, imposant ses contingences, la Zitouna a d\u00fb s\u2019y plier, se contenant de diffuser, \u00e0 heure r\u00e9gl\u00e9e, l\u2019appel \u00e0 la pri\u00e8re. Seul le grand Imam a continu\u00e9 \u00e0 y officier avec quelques intendants. Inutile de revenir sur la d\u00e9tresse des fid\u00e8les, profond\u00e9ment \u00e9mus de se voir interdits d\u2019acc\u00e8s. A pr\u00e9sent, cette mise sous cloche de la Zitouna appartient au pass\u00e9.<\/p>\n<p>Avec la d\u00e9cision de r\u00e9ouverture des lieux de culte, \u00e0 compter du jeudi 4 juin, en respectant les principes de distanciation physiques, la mosqu\u00e9e de la Zitouna a retrouv\u00e9 son allure. M\u00eame si la capacit\u00e9 d\u2019accueil a \u00e9t\u00e9 r\u00e9duite, et certains fid\u00e8les, surtout des personnes \u00e2g\u00e9es craignent encore de rompre leur confinement, plusieurs dizaines de Tunisiens, hommes et femmes, portant masque hygi\u00e9nique, \u00e9taient ravis de retrouver leur ch\u00e8re mosqu\u00e9e et d\u2019y reprendre leurs pri\u00e8res. Il faut dire qu\u2019ils \u00e9taient quelque peu rassur\u00e9s quant aux conditions d\u2019hygi\u00e8ne, ayant appris que la Mairesse de Tunis, Souad Abderrahim, avait conduit il y a quelques jours, \u00e0 la t\u00eate de ses \u00e9quipes une vaste op\u00e9ration de d\u00e9sinfection g\u00e9n\u00e9rale.<\/p>\n<p>Il n\u2019y a pas que les fid\u00e8les qui \u00e9taient heureux de reprendre le chemin de la Zitouna. Les riverains aussi, surtout les commer\u00e7ants. La suspension de la fr\u00e9quentation de ce haut lieu les a priv\u00e9s d\u2019une client\u00e8le fournie, qui profitant de leur visite, font leurs achats dans les commerces de proximit\u00e9. Du coup, les d\u00e9tenteurs des boutiques de parfums et encens, d\u2019articles de c\u00e9r\u00e9monies et mariages, et autres produits, \u00e9taient les premiers \u00e0 saluer chaleureusement les fid\u00e8les de retour.<\/p>\n<p>\u00c9motion et recueillement ont fortement marqu\u00e9 la r\u00e9ouverture de la Zitouna, un moment historique.<br \/>\u00a0<\/p>\n<p>Auteur:<br \/>\n<a href=\"https:\/\/www.leaders.com.tn\/article\/30068-historique-reprise-de-la-priere-a-la-mosquee-la-zitouna-deconfinee-album-photos\">Cliquez ici pour lire l&rsquo;article depuis sa source.<\/a><\/p>\n","protected":false},"excerpt":{"rendered":"<p>Jamais de m\u00e9moire d\u2019un beldi, enfant de la m\u00e9dina de Tunis, la mosqu\u00e9e de la Zitouna, haut lieu historique de l\u2019Islam en Tunisie et jadis de l\u2019enseignement religieux, n\u2019avait ferm\u00e9 ses portes. M\u00eame lors des sombres jours des conqu\u00eates \u00e9trang\u00e8res successives, de la r\u00e9sistance\u00a0 sous le protectorat ou des violentes manifestations de ces derni\u00e8res ann\u00e9es, [&hellip;]<\/p>\n","protected":false},"author":1772,"featured_media":0,"comment_status":"closed","ping_status":"closed","sticky":false,"template":"","format":"standard","meta":{"fifu_image_url":"","fifu_image_alt":"","footnotes":""},"categories":[73,55],"tags":[],"class_list":["post-88208","post","type-post","status-publish","format-standard","hentry","category-actualite","category-tunisie"],"_links":{"self":[{"href":"https:\/\/linitiative.ca\/International\/wp-json\/wp\/v2\/posts\/88208","targetHints":{"allow":["GET"]}}],"collection":[{"href":"https:\/\/linitiative.ca\/International\/wp-json\/wp\/v2\/posts"}],"about":[{"href":"https:\/\/linitiative.ca\/International\/wp-json\/wp\/v2\/types\/post"}],"author":[{"embeddable":true,"href":"https:\/\/linitiative.ca\/International\/wp-json\/wp\/v2\/users\/1772"}],"replies":[{"embeddable":true,"href":"https:\/\/linitiative.ca\/International\/wp-json\/wp\/v2\/comments?post=88208"}],"version-history":[{"count":0,"href":"https:\/\/linitiative.ca\/International\/wp-json\/wp\/v2\/posts\/88208\/revisions"}],"wp:attachment":[{"href":"https:\/\/linitiative.ca\/International\/wp-json\/wp\/v2\/media?parent=88208"}],"wp:term":[{"taxonomy":"category","embeddable":true,"href":"https:\/\/linitiative.ca\/International\/wp-json\/wp\/v2\/categories?post=88208"},{"taxonomy":"post_tag","embeddable":true,"href":"https:\/\/linitiative.ca\/International\/wp-json\/wp\/v2\/tags?post=88208"}],"curies":[{"name":"wp","href":"https:\/\/api.w.org\/{rel}","templated":true}]}}