{"id":88216,"date":"2020-06-07T07:52:00","date_gmt":"2020-06-07T11:52:00","guid":{"rendered":"https:\/\/linitiative.ca\/International\/preference-nationale-le-grand-paradoxe\/"},"modified":"2020-06-07T07:52:00","modified_gmt":"2020-06-07T11:52:00","slug":"preference-nationale-le-grand-paradoxe","status":"publish","type":"post","link":"https:\/\/linitiative.ca\/International\/preference-nationale-le-grand-paradoxe\/","title":{"rendered":"Pr\u00e9f\u00e9rence nationale : le grand paradoxe"},"content":{"rendered":"<p><strong>Nous assistons \u00e0 un grand paradoxe. Les pouvoirs publics ont encourag\u00e9 la fabrication locale de produits sanitaires pour r\u00e9pondre \u00e0 une situation locale urgente tout en interdisant leur exportation, mais tout en laissant l\u2019importation de ces m\u00eames produits envahir le march\u00e9 local.\u00a0 R\u00e9sultat\u00a0: les fabricants locaux se retrouvent face \u00e0 une \u00e9norme surproduction qu\u2019il est trop tard d\u2019exporter actuellement\u2026.<\/strong><\/p>\n<div class=\"c10\"\/>\n<p>Certes, la d\u00e9sarticulation d\u2019une \u00e9conomie nationale de l\u2019ordre \u00e9conomique international est impossible. C\u2019est m\u00eame une voie suicidaire. N\u00e9anmoins, lorsque l\u2019inverse, c\u2019est-\u00e0-dire l\u2019articulation \u00ab\u00a0\u00e9conomie locale-\u00e9conomie-monde\u00a0\u00bb est subie, au lieu d\u2019\u00eatre activement choisie, les r\u00e9sultats ne sont gu\u00e8re meilleurs.<\/p>\n<p>Le contexte actuel de la crise mondiale aggrav\u00e9e par la pand\u00e9mie due au Covid19 vient de nous rappeler cette dure r\u00e9alit\u00e9 o\u00f9, entre la connexion et la d\u00e9connexion, l\u2019intelligence et l\u2019imagination politiques patriotiques sont fortement interpell\u00e9es pour contribuer \u00e0 des solutions r\u00e9ellement innovatrices et courageuses.<\/p>\n<p>Pour faire face \u00e0 des besoins urgents dans le domaine sanitaire, de nombreux acteurs \u00e9conomiques mus par le sentiment patriotique, se sont mobilis\u00e9s et ont vite r\u00e9pondu \u00e0 l\u2019appel. Le march\u00e9 national n\u2019a connu aucune rupture en produits d\u2019hygi\u00e8ne et en produits parapharmaceutiques dont les masques ou bavettes et les d\u00e9sinfectants. Cela a \u00e9norm\u00e9ment apais\u00e9 les Marocains et renforc\u00e9 leur adh\u00e9sion volontaire au confinement, malgr\u00e9 la longue dur\u00e9e prolong\u00e9e.<\/p>\n<p>Lire aussi|<a href=\"https:\/\/www.challenge.ma\/coronavirus-alerte-sur-le-cash-143428\/\">Coronavirus : Alerte sur le cash<\/a><\/p>\n<p>Mais quelle surprise lorsque ces m\u00eames acteurs \u00e9conomiques et les citoyens ont vu les grandes surfaces inond\u00e9es par ces m\u00eames produits, mais import\u00e9s, alors que la production nationale a pu relever le d\u00e9fi et r\u00e9pondre aux besoins des citoyens en quantit\u00e9 et en qualit\u00e9. Et inversement, les produits fabriqu\u00e9s localement ont \u00e9t\u00e9 interdits d\u2019exportation. C\u2019est ainsi que les citoyens d\u00e9couvrent concr\u00e8tement \u00e0 quel point le discours politique sur la pr\u00e9f\u00e9rence nationale est tout simplement aux antipodes des actes politiques concrets. Non seulement aucune mesure de sauvegarde n\u2019a \u00e9t\u00e9 utilis\u00e9e par les pouvoirs publics comme le permettent les accords de libre-\u00e9change sign\u00e9s par le Maroc, pour assurer un minimum de protection de la production nationale dans un domaine sensible \u00e9troitement li\u00e9 \u00e0 la s\u00e9curit\u00e9 sanitaire nationale, mais, en plus, les pouvoirs publics \u00e9touffent la production nationale en lui interdisant d\u2019aller affronter la concurrence sur le march\u00e9 international. Quoi d\u2019\u00e9tonnant si l\u2019on voit une bonne partie de nos entreprises baisser le rideau et s\u2019adonner \u00e0 des activit\u00e9s sp\u00e9culatives, non cr\u00e9atrices de valeur ajout\u00e9e ni d\u2019emploi, mais tout au moins pr\u00e9sentant le moins de risques. Serions-nous condamn\u00e9s \u00e0 d\u00e9sesp\u00e9rer\u00a0?\u00a0\u00a0<\/p>\n<div class=\"c17\">\n<fieldset class=\"c16\">\n<legend><strong><span class=\"c11\">Challenge<\/span><span class=\"c12\">news<\/span><\/strong><\/legend>\n<div class=\"c15\">Le meilleur de Challenge s\u00e9lectionn\u00e9 par la r\u00e9daction :<\/p>\n<\/div>\n<\/fieldset>\n<\/div>\n<p>Auteur: Mohamed Amine<br \/>\n<a href=\"https:\/\/www.challenge.ma\/preference-nationale-le-grand-paradoxe-143448\/\">Cliquez ici pour lire l&rsquo;article depuis sa source.<\/a><\/p>\n","protected":false},"excerpt":{"rendered":"<p>Nous assistons \u00e0 un grand paradoxe. Les pouvoirs publics ont encourag\u00e9 la fabrication locale de produits sanitaires pour r\u00e9pondre \u00e0 une situation locale urgente tout en interdisant leur exportation, mais tout en laissant l\u2019importation de ces m\u00eames produits envahir le march\u00e9 local.\u00a0 R\u00e9sultat\u00a0: les fabricants locaux se retrouvent face \u00e0 une \u00e9norme surproduction qu\u2019il est [&hellip;]<\/p>\n","protected":false},"author":1787,"featured_media":0,"comment_status":"closed","ping_status":"closed","sticky":false,"template":"","format":"standard","meta":{"fifu_image_url":"","fifu_image_alt":"","footnotes":""},"categories":[78,54],"tags":[],"class_list":["post-88216","post","type-post","status-publish","format-standard","hentry","category-economie","category-maroc"],"_links":{"self":[{"href":"https:\/\/linitiative.ca\/International\/wp-json\/wp\/v2\/posts\/88216","targetHints":{"allow":["GET"]}}],"collection":[{"href":"https:\/\/linitiative.ca\/International\/wp-json\/wp\/v2\/posts"}],"about":[{"href":"https:\/\/linitiative.ca\/International\/wp-json\/wp\/v2\/types\/post"}],"author":[{"embeddable":true,"href":"https:\/\/linitiative.ca\/International\/wp-json\/wp\/v2\/users\/1787"}],"replies":[{"embeddable":true,"href":"https:\/\/linitiative.ca\/International\/wp-json\/wp\/v2\/comments?post=88216"}],"version-history":[{"count":0,"href":"https:\/\/linitiative.ca\/International\/wp-json\/wp\/v2\/posts\/88216\/revisions"}],"wp:attachment":[{"href":"https:\/\/linitiative.ca\/International\/wp-json\/wp\/v2\/media?parent=88216"}],"wp:term":[{"taxonomy":"category","embeddable":true,"href":"https:\/\/linitiative.ca\/International\/wp-json\/wp\/v2\/categories?post=88216"},{"taxonomy":"post_tag","embeddable":true,"href":"https:\/\/linitiative.ca\/International\/wp-json\/wp\/v2\/tags?post=88216"}],"curies":[{"name":"wp","href":"https:\/\/api.w.org\/{rel}","templated":true}]}}