{"id":88217,"date":"2020-06-07T11:34:46","date_gmt":"2020-06-07T15:34:46","guid":{"rendered":"https:\/\/linitiative.ca\/International\/coronavirus-26-nouveaux-cas-et-7328-guerisons-au-total-dimanche-7-juin-a-10-h\/"},"modified":"2020-06-07T11:34:46","modified_gmt":"2020-06-07T15:34:46","slug":"coronavirus-26-nouveaux-cas-et-7328-guerisons-au-total-dimanche-7-juin-a-10-h","status":"publish","type":"post","link":"https:\/\/linitiative.ca\/International\/coronavirus-26-nouveaux-cas-et-7328-guerisons-au-total-dimanche-7-juin-a-10-h\/","title":{"rendered":"Coronavirus : 26 nouveaux cas et 7328 gu\u00e9risons au total, dimanche 7 juin \u00e0 10 H"},"content":{"rendered":"<p><strong>Le Maroc a enregistr\u00e9, ce dimanche 7 juin \u00e0 10h00, 26 nouveaux cas de coronavirus, ce qui porte le bilan actuel \u00e0 8.177 cas depuis le d\u00e9but de la pand\u00e9mie.\u00a0Le nombre de cas actifs est donc ce dimanche matin de 641 cas (+ 13 cas).<\/strong><\/p>\n<div class=\"c10\"\/>\n<p>Le minist\u00e8re de la Sant\u00e9 vient d\u2019annoncer 26 nouveaux cas de Coronavirus au Maroc, ce dimanche 7 juin \u00e0 10h00, ce qui porte le bilan actuel \u00e0 8.177 cas depuis le d\u00e9but de l\u2019\u00e9pid\u00e9mie. Le nombre de patients gu\u00e9ris atteint 7.328, soit 13 nouvelles r\u00e9missions, alors que les d\u00e9c\u00e8s se chiffrent \u00e0 208.\u00a0<\/p>\n<p>Lire aussi|<a href=\"https:\/\/www.challenge.ma\/coronavirus-alerte-sur-le-cash-143428\/\">Coronavirus : Alerte sur le cash<\/a><\/p>\n<p>Par ailleurs, 296.855 tests ont \u00e9t\u00e9 effectu\u00e9s jusque-l\u00e0, dont 288.678 avaient un r\u00e9sultat n\u00e9gatif. Casablanca-Settat totalise 2765 cas (+5) et reste la r\u00e9gion la plus touch\u00e9e, devant Marrakech-Safi (1445\/+9), Tanger T\u00e9touan Al Hoceima (1178\/+9), F\u00e8s-Mekn\u00e8s (1019), Rabat-Sal\u00e9-K\u00e9nitra (725\/+2), Daraa-Tafilalet\u00a0 (586), Oriental (194), Beni Mellal-Kh\u00e9nifra (120), Souss-Massa (90), Guelmim Oued Noun (45), La\u00e2youne-Sakia El Hamra (5) et Dakhla-Oued Ed Dahab (5).<\/p>\n<div class=\"c17\">\n<fieldset class=\"c16\">\n<legend><strong><span class=\"c11\">Challenge<\/span><span class=\"c12\">news<\/span><\/strong><\/legend>\n<div class=\"c15\">Le meilleur de Challenge s\u00e9lectionn\u00e9 par la r\u00e9daction :<\/p>\n<\/div>\n<\/fieldset>\n<\/div>\n<p>Auteur: Adama Sylla<br \/>\n<a href=\"https:\/\/www.challenge.ma\/coronavirus-26-nouveaux-cas-et-7328-guerisons-au-total-dimanche-7-juin-a-10-h-143433\/\">Cliquez ici pour lire l&rsquo;article depuis sa source.<\/a><\/p>\n","protected":false},"excerpt":{"rendered":"<p>Le Maroc a enregistr\u00e9, ce dimanche 7 juin \u00e0 10h00, 26 nouveaux cas de coronavirus, ce qui porte le bilan actuel \u00e0 8.177 cas depuis le d\u00e9but de la pand\u00e9mie.\u00a0Le nombre de cas actifs est donc ce dimanche matin de 641 cas (+ 13 cas). Le minist\u00e8re de la Sant\u00e9 vient d\u2019annoncer 26 nouveaux cas [&hellip;]<\/p>\n","protected":false},"author":1787,"featured_media":0,"comment_status":"closed","ping_status":"closed","sticky":false,"template":"","format":"standard","meta":{"fifu_image_url":"","fifu_image_alt":"","footnotes":""},"categories":[78,54],"tags":[],"class_list":["post-88217","post","type-post","status-publish","format-standard","hentry","category-economie","category-maroc"],"_links":{"self":[{"href":"https:\/\/linitiative.ca\/International\/wp-json\/wp\/v2\/posts\/88217","targetHints":{"allow":["GET"]}}],"collection":[{"href":"https:\/\/linitiative.ca\/International\/wp-json\/wp\/v2\/posts"}],"about":[{"href":"https:\/\/linitiative.ca\/International\/wp-json\/wp\/v2\/types\/post"}],"author":[{"embeddable":true,"href":"https:\/\/linitiative.ca\/International\/wp-json\/wp\/v2\/users\/1787"}],"replies":[{"embeddable":true,"href":"https:\/\/linitiative.ca\/International\/wp-json\/wp\/v2\/comments?post=88217"}],"version-history":[{"count":0,"href":"https:\/\/linitiative.ca\/International\/wp-json\/wp\/v2\/posts\/88217\/revisions"}],"wp:attachment":[{"href":"https:\/\/linitiative.ca\/International\/wp-json\/wp\/v2\/media?parent=88217"}],"wp:term":[{"taxonomy":"category","embeddable":true,"href":"https:\/\/linitiative.ca\/International\/wp-json\/wp\/v2\/categories?post=88217"},{"taxonomy":"post_tag","embeddable":true,"href":"https:\/\/linitiative.ca\/International\/wp-json\/wp\/v2\/tags?post=88217"}],"curies":[{"name":"wp","href":"https:\/\/api.w.org\/{rel}","templated":true}]}}