{"id":88218,"date":"2020-06-07T13:02:01","date_gmt":"2020-06-07T17:02:01","guid":{"rendered":"https:\/\/linitiative.ca\/International\/coronavirus-73-nouveaux-cas-dimanche-a-18-heures-7364-guerisons\/"},"modified":"2020-06-07T13:02:01","modified_gmt":"2020-06-07T17:02:01","slug":"coronavirus-73-nouveaux-cas-dimanche-a-18-heures-7364-guerisons","status":"publish","type":"post","link":"https:\/\/linitiative.ca\/International\/coronavirus-73-nouveaux-cas-dimanche-a-18-heures-7364-guerisons\/","title":{"rendered":"Coronavirus: 73 nouveaux cas dimanche \u00e0 18 heures, 7364 gu\u00e9risons"},"content":{"rendered":"<p><strong>Voici le nouveau bilan du minist\u00e8re de la Sant\u00e9.\u00a0<\/strong><\/p>\n<div class=\"c10\"\/>\n<p>Le Maroc a enregistr\u00e9 ces derni\u00e8res 24 heures 73 nouveaux cas de contamination au coronavirus. Le <strong>bilan global<\/strong> \u00e9tabli par le minist\u00e8re de la Sant\u00e9 ce dimanche 7 juin \u00e0 18 heures s\u2019\u00e9l\u00e8ve \u00e0 8224 cas positifs. Le nombre est d\u00e9sormais de 208, contre 7364 <strong>gu\u00e9risons<\/strong>. Notons que le nombre de tests de d\u00e9pistage du Covid-19 au Maroc a d\u00e9pass\u00e9 les 17.500 par jour dans 24 laboratoires nationaux.<\/p>\n<p>Lire aussi:|<a href=\"https:\/\/www.challenge.ma\/sara-bellali-membre-de-lequipe-du-pr-raoult-le-taux-de-guerison-du-covid-19-au-maroc-est-tres-eleve-143454\/\">Sara Bellali, membre de l\u2019\u00e9quipe du Pr Raoult : \u00ab Le taux de gu\u00e9rison du covid-19 au Maroc est tr\u00e8s \u00e9lev\u00e9 \u00bb<\/a><\/p>\n<p>\u00ab Nous avons d\u00e9marr\u00e9 avec 2.000 tests par jour dans trois <strong>laboratoires<\/strong>. Aujourd\u2019hui, nous avons d\u00e9pass\u00e9 17.500 tests par jour, puisqu\u2019on est pass\u00e9 de 3 \u00e0 24 laboratoires nationaux\u00a0\u00bb, s\u2019est f\u00e9licit\u00e9 Khalid Ait Taleb, ministre de la Sant\u00e9. \u00ab Les citoyens ayant effectu\u00e9 les tests ont d\u00e9pass\u00e9 les 340.000. Il y a certains citoyens qui ont b\u00e9n\u00e9fici\u00e9 des tests \u00e0 plusieurs reprises. Ce chiffre important refl\u00e8te un effort colossal\u00a0\u00bb, a-t-il ajout\u00e9.\u00a0<\/p>\n<div class=\"c17\">\n<fieldset class=\"c16\">\n<legend><strong><span class=\"c11\">Challenge<\/span><span class=\"c12\">news<\/span><\/strong><\/legend>\n<div class=\"c15\">Le meilleur de Challenge s\u00e9lectionn\u00e9 par la r\u00e9daction :<\/p>\n<\/div>\n<\/fieldset>\n<\/div>\n<p>Auteur: challenge<br \/>\n<a href=\"https:\/\/www.challenge.ma\/coronavirus-73-nouveaux-cas-dimanche-a-18-heures-7364-guerisons-143472\/\">Cliquez ici pour lire l&rsquo;article depuis sa source.<\/a><\/p>\n","protected":false},"excerpt":{"rendered":"<p>Voici le nouveau bilan du minist\u00e8re de la Sant\u00e9.\u00a0 Le Maroc a enregistr\u00e9 ces derni\u00e8res 24 heures 73 nouveaux cas de contamination au coronavirus. Le bilan global \u00e9tabli par le minist\u00e8re de la Sant\u00e9 ce dimanche 7 juin \u00e0 18 heures s\u2019\u00e9l\u00e8ve \u00e0 8224 cas positifs. Le nombre est d\u00e9sormais de 208, contre 7364 gu\u00e9risons. [&hellip;]<\/p>\n","protected":false},"author":1787,"featured_media":0,"comment_status":"closed","ping_status":"closed","sticky":false,"template":"","format":"standard","meta":{"fifu_image_url":"","fifu_image_alt":"","footnotes":""},"categories":[78,54],"tags":[],"class_list":["post-88218","post","type-post","status-publish","format-standard","hentry","category-economie","category-maroc"],"_links":{"self":[{"href":"https:\/\/linitiative.ca\/International\/wp-json\/wp\/v2\/posts\/88218","targetHints":{"allow":["GET"]}}],"collection":[{"href":"https:\/\/linitiative.ca\/International\/wp-json\/wp\/v2\/posts"}],"about":[{"href":"https:\/\/linitiative.ca\/International\/wp-json\/wp\/v2\/types\/post"}],"author":[{"embeddable":true,"href":"https:\/\/linitiative.ca\/International\/wp-json\/wp\/v2\/users\/1787"}],"replies":[{"embeddable":true,"href":"https:\/\/linitiative.ca\/International\/wp-json\/wp\/v2\/comments?post=88218"}],"version-history":[{"count":0,"href":"https:\/\/linitiative.ca\/International\/wp-json\/wp\/v2\/posts\/88218\/revisions"}],"wp:attachment":[{"href":"https:\/\/linitiative.ca\/International\/wp-json\/wp\/v2\/media?parent=88218"}],"wp:term":[{"taxonomy":"category","embeddable":true,"href":"https:\/\/linitiative.ca\/International\/wp-json\/wp\/v2\/categories?post=88218"},{"taxonomy":"post_tag","embeddable":true,"href":"https:\/\/linitiative.ca\/International\/wp-json\/wp\/v2\/tags?post=88218"}],"curies":[{"name":"wp","href":"https:\/\/api.w.org\/{rel}","templated":true}]}}