{"id":88222,"date":"2020-06-07T13:58:46","date_gmt":"2020-06-07T17:58:46","guid":{"rendered":"https:\/\/linitiative.ca\/International\/tunisie-coupure-de-leau-courante-sur-plusieurs-quartiers-du-grand-tunis-a-partir-de-mardi\/"},"modified":"2020-06-07T13:58:46","modified_gmt":"2020-06-07T17:58:46","slug":"tunisie-coupure-de-leau-courante-sur-plusieurs-quartiers-du-grand-tunis-a-partir-de-mardi","status":"publish","type":"post","link":"https:\/\/linitiative.ca\/International\/tunisie-coupure-de-leau-courante-sur-plusieurs-quartiers-du-grand-tunis-a-partir-de-mardi\/","title":{"rendered":"Tunisie \u2013 Coupure de l\u2019eau courante sur plusieurs quartiers du grand Tunis \u00e0 partir de mardi"},"content":{"rendered":"<div class=\"post-cont-in left relative\">\n<p>La SONEDE a annonc\u00e9, ce dimanche que l\u2019eau courante sera coup\u00e9e sur de nombreuses zones du grand Tunis, \u00e0 partir de ce mardi \u00e0 10H00 et ne pourra \u00eatre r\u00e9tablie de fa\u00e7on progressive, qu\u2019\u00e0 partir de la nuit de mercredi \u00e0 jeudi.<\/p>\n<div class=\"code-block code-block-1 c3\"><ins class=\"adsbygoogle c2\" data-ad-layout=\"in-article\" data-ad-format=\"fluid\" data-ad-client=\"ca-pub-2102118777505746\" data-ad-slot=\"7301775417\"\/> <\/div>\n<p>La SONEDE pr\u00e9cise que cette coupure sera due \u00e0 des travaux de r\u00e9paration de la conduite principale d\u2019eau qui dessert ces r\u00e9gions.<\/p>\n<p>Les zones int\u00e9ress\u00e9es par cette coupure sont\u00a0: L\u2019Ariana, La Soukra, Raoued, La goulette, Le Kram, Carthage, La Marsa, Le Lac 1 et le Lac 2.<\/p>\n<div class=\"swp_social_panel swp_horizontal_panel swp_flat_fresh swp_default_full_color swp_individual_full_color swp_other_full_color scale-100 scale-\" data-min-width=\"1100\" data-float-color=\"#ffffff\" data-float=\"bottom\" data-float-mobile=\"bottom\" data-transition=\"slide\">\n<div class=\"nc_tweetContainer swp_share_button total_shares total_sharesalt\"><span class=\"swp_count\">46 <span class=\"swp_label\">Partages<\/span><\/span><\/div>\n<\/div>\n<p><strong>Que se passe-t-il en Tunisie?<\/strong><br \/>Nous expliquons sur notre <a href=\"https:\/\/www.youtube.com\/channel\/UCRzypVq0B_yBad5eGrwBx0Q?sub_confirmation=1\" target=\"_blank\" rel=\"noopener noreferrer\">cha\u00eene YouTube<\/a> . <a href=\"https:\/\/www.youtube.com\/channel\/UCRzypVq0B_yBad5eGrwBx0Q?sub_confirmation=1\" target=\"_blank\" rel=\"noopener noreferrer\">Abonnez-vous!<\/a><\/p>\n<div class=\"mvp-org-wrap mvp-org-logo\" itemprop=\"publisher\" itemscope=\"\" itemtype=\"https:\/\/schema.org\/Organization\"><img decoding=\"async\" src=\"https:\/\/www.tunisienumerique.com\/wp-content\/uploads\/2017\/02\/logo_tunisie_numerique.png\"\/><\/div>\n<div class=\"mvp-related-posts left relative\">\n<h4 class=\"post-header\"><span class=\"post-header\">Lire aussi<\/span><\/h4>\n<\/div>\n<div id=\"article-ad\"><ins class=\"adsbygoogle c4\" data-ad-client=\"ca-pub-2102118777505746\" data-ad-slot=\"6513972734\" data-ad-format=\"auto\" data-full-width-responsive=\"true\"\/> <\/div>\n<\/div>\n<div id=\"post-sidebar-wrap\"><ins class=\"adsbygoogle c4\" data-ad-client=\"ca-pub-2102118777505746\" data-ad-slot=\"6168283410\" data-ad-format=\"auto\" data-full-width-responsive=\"true\"\/> <\/div>\n<p>Auteur: LM<br \/>\n<a href=\"https:\/\/www.tunisienumerique.com\/tunisie-coupure-de-leau-courante-sur-plusieurs-quartiers-du-grand-tunis-a-partir-de-mardi\/\">Cliquez ici pour lire l&rsquo;article depuis sa source.<\/a><\/p>\n","protected":false},"excerpt":{"rendered":"<p>La SONEDE a annonc\u00e9, ce dimanche que l\u2019eau courante sera coup\u00e9e sur de nombreuses zones du grand Tunis, \u00e0 partir de ce mardi \u00e0 10H00 et ne pourra \u00eatre r\u00e9tablie de fa\u00e7on progressive, qu\u2019\u00e0 partir de la nuit de mercredi \u00e0 jeudi. La SONEDE pr\u00e9cise que cette coupure sera due \u00e0 des travaux de r\u00e9paration [&hellip;]<\/p>\n","protected":false},"author":1789,"featured_media":88223,"comment_status":"closed","ping_status":"closed","sticky":false,"template":"","format":"standard","meta":{"fifu_image_url":"","fifu_image_alt":"","footnotes":""},"categories":[73,55],"tags":[],"class_list":["post-88222","post","type-post","status-publish","format-standard","has-post-thumbnail","hentry","category-actualite","category-tunisie"],"_links":{"self":[{"href":"https:\/\/linitiative.ca\/International\/wp-json\/wp\/v2\/posts\/88222","targetHints":{"allow":["GET"]}}],"collection":[{"href":"https:\/\/linitiative.ca\/International\/wp-json\/wp\/v2\/posts"}],"about":[{"href":"https:\/\/linitiative.ca\/International\/wp-json\/wp\/v2\/types\/post"}],"author":[{"embeddable":true,"href":"https:\/\/linitiative.ca\/International\/wp-json\/wp\/v2\/users\/1789"}],"replies":[{"embeddable":true,"href":"https:\/\/linitiative.ca\/International\/wp-json\/wp\/v2\/comments?post=88222"}],"version-history":[{"count":0,"href":"https:\/\/linitiative.ca\/International\/wp-json\/wp\/v2\/posts\/88222\/revisions"}],"wp:featuredmedia":[{"embeddable":true,"href":"https:\/\/linitiative.ca\/International\/wp-json\/"}],"wp:attachment":[{"href":"https:\/\/linitiative.ca\/International\/wp-json\/wp\/v2\/media?parent=88222"}],"wp:term":[{"taxonomy":"category","embeddable":true,"href":"https:\/\/linitiative.ca\/International\/wp-json\/wp\/v2\/categories?post=88222"},{"taxonomy":"post_tag","embeddable":true,"href":"https:\/\/linitiative.ca\/International\/wp-json\/wp\/v2\/tags?post=88222"}],"curies":[{"name":"wp","href":"https:\/\/api.w.org\/{rel}","templated":true}]}}