{"id":88228,"date":"2020-06-07T16:27:33","date_gmt":"2020-06-07T20:27:33","guid":{"rendered":"https:\/\/linitiative.ca\/International\/tunisie-sncft-annulation-des-trains-a-destination-de-sfax-et-gabes\/"},"modified":"2020-06-07T16:27:33","modified_gmt":"2020-06-07T20:27:33","slug":"tunisie-sncft-annulation-des-trains-a-destination-de-sfax-et-gabes","status":"publish","type":"post","link":"https:\/\/linitiative.ca\/International\/tunisie-sncft-annulation-des-trains-a-destination-de-sfax-et-gabes\/","title":{"rendered":"Tunisie \u2013 SNCFT\u00a0: Annulation des trains \u00e0 destination de Sfax et Gabes"},"content":{"rendered":"<div class=\"post-cont-in left relative\">\n<p>La SNCFT a annonc\u00e9, ce dimanche apr\u00e8s midi, qu\u2019en raison de la gr\u00e8ve r\u00e9gionale des transports \u00e0 Sfax, les trains vers et de Sfax et Gabes sont annul\u00e9s pour la journ\u00e9e de demain, lundi 8 juin, sauf pour le train de 06H20 au d\u00e9part de Tunis et qui s\u2019arr\u00eatera \u00e0 la gare d\u2019El Jem. Ainsi que le retour qui d\u00e9marrera d\u2019El Jem, en direction de Tunis \u00e0 11H55.<\/p>\n<div class=\"code-block code-block-1 c3\"><ins class=\"adsbygoogle c2\" data-ad-layout=\"in-article\" data-ad-format=\"fluid\" data-ad-client=\"ca-pub-2102118777505746\" data-ad-slot=\"7301775417\"\/> <\/div>\n<div class=\"swp_social_panel swp_horizontal_panel swp_flat_fresh swp_default_full_color swp_individual_full_color swp_other_full_color scale-100 scale-\" data-min-width=\"1100\" data-float-color=\"#ffffff\" data-float=\"bottom\" data-float-mobile=\"bottom\" data-transition=\"slide\">\n<div class=\"nc_tweetContainer swp_share_button total_shares total_sharesalt\"><span class=\"swp_count\">8 <span class=\"swp_label\">Partages<\/span><\/span><\/div>\n<\/div>\n<p><strong>Que se passe-t-il en Tunisie?<\/strong><br \/>Nous expliquons sur notre <a href=\"https:\/\/www.youtube.com\/channel\/UCRzypVq0B_yBad5eGrwBx0Q?sub_confirmation=1\" target=\"_blank\" rel=\"noopener noreferrer\">cha\u00eene YouTube<\/a> . <a href=\"https:\/\/www.youtube.com\/channel\/UCRzypVq0B_yBad5eGrwBx0Q?sub_confirmation=1\" target=\"_blank\" rel=\"noopener noreferrer\">Abonnez-vous!<\/a><\/p>\n<div class=\"mvp-org-wrap mvp-org-logo\" itemprop=\"publisher\" itemscope=\"\" itemtype=\"https:\/\/schema.org\/Organization\"><img decoding=\"async\" src=\"https:\/\/www.tunisienumerique.com\/wp-content\/uploads\/2017\/02\/logo_tunisie_numerique.png\"\/><\/div>\n<div class=\"mvp-related-posts left relative\">\n<h4 class=\"post-header\"><span class=\"post-header\">Lire aussi<\/span><\/h4>\n<\/div>\n<div id=\"article-ad\"><ins class=\"adsbygoogle c4\" data-ad-client=\"ca-pub-2102118777505746\" data-ad-slot=\"6513972734\" data-ad-format=\"auto\" data-full-width-responsive=\"true\"\/> <\/div>\n<\/div>\n<div id=\"post-sidebar-wrap\"><ins class=\"adsbygoogle c4\" data-ad-client=\"ca-pub-2102118777505746\" data-ad-slot=\"6168283410\" data-ad-format=\"auto\" data-full-width-responsive=\"true\"\/> <\/div>\n<p>Auteur: LM<br \/>\n<a href=\"https:\/\/www.tunisienumerique.com\/tunisie-sncft-annulation-des-trains-a-destination-de-sfax-et-gabes\/\">Cliquez ici pour lire l&rsquo;article depuis sa source.<\/a><\/p>\n","protected":false},"excerpt":{"rendered":"<p>La SNCFT a annonc\u00e9, ce dimanche apr\u00e8s midi, qu\u2019en raison de la gr\u00e8ve r\u00e9gionale des transports \u00e0 Sfax, les trains vers et de Sfax et Gabes sont annul\u00e9s pour la journ\u00e9e de demain, lundi 8 juin, sauf pour le train de 06H20 au d\u00e9part de Tunis et qui s\u2019arr\u00eatera \u00e0 la gare d\u2019El Jem. Ainsi [&hellip;]<\/p>\n","protected":false},"author":1789,"featured_media":88229,"comment_status":"closed","ping_status":"closed","sticky":false,"template":"","format":"standard","meta":{"fifu_image_url":"","fifu_image_alt":"","footnotes":""},"categories":[73,55],"tags":[],"class_list":["post-88228","post","type-post","status-publish","format-standard","has-post-thumbnail","hentry","category-actualite","category-tunisie"],"_links":{"self":[{"href":"https:\/\/linitiative.ca\/International\/wp-json\/wp\/v2\/posts\/88228","targetHints":{"allow":["GET"]}}],"collection":[{"href":"https:\/\/linitiative.ca\/International\/wp-json\/wp\/v2\/posts"}],"about":[{"href":"https:\/\/linitiative.ca\/International\/wp-json\/wp\/v2\/types\/post"}],"author":[{"embeddable":true,"href":"https:\/\/linitiative.ca\/International\/wp-json\/wp\/v2\/users\/1789"}],"replies":[{"embeddable":true,"href":"https:\/\/linitiative.ca\/International\/wp-json\/wp\/v2\/comments?post=88228"}],"version-history":[{"count":0,"href":"https:\/\/linitiative.ca\/International\/wp-json\/wp\/v2\/posts\/88228\/revisions"}],"wp:featuredmedia":[{"embeddable":true,"href":"https:\/\/linitiative.ca\/International\/wp-json\/"}],"wp:attachment":[{"href":"https:\/\/linitiative.ca\/International\/wp-json\/wp\/v2\/media?parent=88228"}],"wp:term":[{"taxonomy":"category","embeddable":true,"href":"https:\/\/linitiative.ca\/International\/wp-json\/wp\/v2\/categories?post=88228"},{"taxonomy":"post_tag","embeddable":true,"href":"https:\/\/linitiative.ca\/International\/wp-json\/wp\/v2\/tags?post=88228"}],"curies":[{"name":"wp","href":"https:\/\/api.w.org\/{rel}","templated":true}]}}