{"id":88230,"date":"2020-06-07T15:16:16","date_gmt":"2020-06-07T19:16:16","guid":{"rendered":"https:\/\/linitiative.ca\/International\/elimination-du-patron-daqmi-sur-fond-de-manifs-anti-ibk\/"},"modified":"2020-06-07T15:16:16","modified_gmt":"2020-06-07T19:16:16","slug":"elimination-du-patron-daqmi-sur-fond-de-manifs-anti-ibk","status":"publish","type":"post","link":"https:\/\/linitiative.ca\/International\/elimination-du-patron-daqmi-sur-fond-de-manifs-anti-ibk\/","title":{"rendered":"ELIMINATION DU PATRON D\u2019AQMI SUR FOND DE MANIFS ANTI-IBK"},"content":{"rendered":"<div class=\"stream-item stream-item-above-post-content\">\n<p><noscript><\/p>\n<p><a href=\"\/\/www3.smartadserver.com\/ac?jump=1&amp;nwid=2136&amp;siteid=240610&amp;pgname=rg&amp;fmtid=49046&amp;visit=m&amp;tmstp=[timestamp]&amp;out=nonrich\" target=\"_blank\" rel=\"noopener noreferrer\"><img decoding=\"async\" src=\"http:\/\/www3.smartadserver.com\/ac?out=nonrich&amp;nwid=2136&amp;siteid=240610&amp;pgname=rg&amp;fmtid=49046&amp;visit=m&amp;tmstp=[timestamp]\" border=\"0\" alt=\"\"\/><\/a><\/p>\n<p><\/noscript><\/div>\n<p class=\"c3\"><em>Les forces fran\u00e7aises, avec l\u2019appui de leurs partenaires, ont men\u00e9 une op\u00e9ration anti-terroriste le 3 Juin dernier dans le Nord du Mali, plus pr\u00e9cis\u00e9ment au Nord de l\u2019Adrar des Ifoghas, \u00e0 80 km \u00e0 l\u2019Est de Tessalit, pr\u00e8s de la fronti\u00e8re avec l\u2019Alg\u00e9rie. Le bilan permet de sauter le champagne. En effet, l\u2019embl\u00e9matique gourou d\u2019AQMI, Abdelmalek Droukdel, pour ne pas le nommer, a \u00e9t\u00e9 tu\u00e9 pendant l\u2019op\u00e9ration. Ont subi le m\u00eame sort, 4 terroristes qui lui sont proches dont un haut cadre charg\u00e9 de la propagande au sein d\u2019Aqmi. A cela, il faut ajouter que l\u2019un des membres du groupe s\u2019est rendu aux forces fran\u00e7aises sans combattre. L\u2019annonce a \u00e9t\u00e9 faite par la ministre fran\u00e7aise des Arm\u00e9es, Florence Parly, le 5 juin dernier. Cette fois-ci, on peut avoir la faiblesse de croire \u00e0 l\u2019annonce des autorit\u00e9s fran\u00e7aises. Car, outre le fait qu\u2019un test ADN a \u00e9t\u00e9 men\u00e9 et qui confirme l\u2019identit\u00e9 du patron d\u2019AQMI, les Am\u00e9ricains, via Africom, ont \u00e9galement confirm\u00e9 la nouvelle. En tout cas, la France a int\u00e9r\u00eat \u00e0 ne pas reproduire le cas d\u2019Amadou Koufa, chef de la Katiba du Macina. En rappel, l\u2019arm\u00e9e fran\u00e7aise avait annonc\u00e9 la mort de ce dernier en fin 2018. Quelques mois plus tard, l\u2019information s\u2019est r\u00e9v\u00e9l\u00e9e fausse. Et le cas de Koufa n\u2019est pas isol\u00e9.<\/em><\/p>\n<p class=\"c3\"><strong><em>Il est l\u00e9gitime que les Fran\u00e7ais n\u2019aient pas le triomphe modeste<\/em><\/strong><\/p>\n<p class=\"c3\"><em>D\u00e8s lors, l\u2019on peut comprendre pourquoi bien des gens, tel Saint Thomas, attendent de voir avant de croire d\u00e8s qu\u2019ils ont \u00e9t\u00e9 inform\u00e9s de la neutralisation d\u2019un chef terroriste. Cela dit et en partant du postulat que l\u2019Emir d\u2019AQMI a bel et bien \u00e9t\u00e9 tu\u00e9, l\u2019on peut dire que Barkhane a accompli du bon boulot. Et pour cela, on peut lui adresser un grand \u00ab\u00a0ani baara\u00a0\u00bb pour saluer l\u2019exploit, le beau travail r\u00e9alis\u00e9. En effet, Abddelmalek Droukdel n\u2019est pas un terroriste quelconque. Il a su porter, comme il faut, l\u2019h\u00e9ritage de Ben Laden au Maghreb et au Sahel africain. Ainsi, il a fait beaucoup de mal \u00e0 l\u2019Alg\u00e9rie. Et ses lieutenants notamment Iyad Ag Ghali et Amadou Koufa ont r\u00e9ussi le tour de force d\u2019inscrire le Mali, le Niger et le Burkina pratiquement \u00e0 l\u2019article de la mort \u00e0 force d\u2019attaques os\u00e9es et t\u00e9m\u00e9raires. La neutralisation d\u2019un tel terroriste est une source de fiert\u00e9. Il est donc l\u00e9gitime et de bon ton que les Fran\u00e7ais n\u2019aient pas le triomphe modeste en annon\u00e7ant sa neutralisation. Et l\u2019exploit de \u00ab\u00a0nos anc\u00eatres les \u00a0Gaulois\u00a0\u00bb ne s\u2019arr\u00eate pas seulement au niveau du profil du tu\u00e9, il s\u2019\u00e9tend aussi \u00e0 la mani\u00e8re dont l\u2019op\u00e9ration a \u00e9t\u00e9 men\u00e9e. En effet, \u00e0 en croire les Fran\u00e7ais, la frappe qui a cibl\u00e9 Droukdel et ses proches collaborateurs, est partie d\u2019un drone de l\u2019arm\u00e9e de l\u2019air. Elle a \u00e9t\u00e9 suivie d\u2019une op\u00e9ration h\u00e9liport\u00e9e. De la m\u00eame mani\u00e8re que les Am\u00e9ricains avaient bomb\u00e9 le torse suite \u00e0 l\u2019op\u00e9ration commando qui avait mis hors d\u2019\u00e9tat de nuire Ben Laden au Pakistan, l\u2019arm\u00e9e fran\u00e7aise peut aussi relever et saluer bruyamment l\u2019exploit de ses soldats dans cette op\u00e9ration. Par-l\u00e0 \u00e9galement, les Fran\u00e7ais rabattent le caquet \u00e0 tous ceux au Mali et au-del\u00e0, qui \u00e9taient vent debout pour critiquer la pr\u00e9sence de Barkhane. Du m\u00eame coup, les Fran\u00e7ais pr\u00eatent des arguments \u00e0 l\u2019alli\u00e9 Ibrahim Boubacar Ke\u00efta (IBK) pour justifier davantage la pr\u00e9sence de Barkhane au Mali. D\u2019ailleurs, certaines langues ont laiss\u00e9 entendre que l\u2019op\u00e9ration que vient de mener Barkhane, participe de la volont\u00e9 de l\u2019Hexagone de renforcer le pouvoir de Bamako \u00e0 un moment o\u00f9 l\u2019opposition et des organisations de la soci\u00e9t\u00e9 civile demandent \u00e0 IBK de d\u00e9barrasser le plancher.<\/em><\/p>\n<p class=\"c3\"><strong><em>Il revient \u00e0 IBK de remettre sa gouvernance en cause<\/em><\/strong><\/p>\n<p class=\"c3\"><em>En tout cas, les tenants de cette th\u00e8se trouvent que le caract\u00e8re pratiquement concomitant du meeting anti-IBK de l\u2019opposition, et de l\u2019annonce de la neutralisation de Abdelmalek Droukdel, n\u2019est pas fortuit. Bref, la neutralisation de ce dernier, contribue \u00e0 d\u00e9stabiliser et \u00e0 plonger dans le doute ses lieutenants locaux. Car, ils savent d\u00e9sormais qu\u2019ils ne sont pas \u00e0 l\u2019abri des drones fran\u00e7ais. C\u2019est pourquoi l\u2019on peut sugg\u00e9rer aux Fran\u00e7ais de ne pas desserrer l\u2019\u00e9tau autour des terroristes au Sahel. On peut \u00e9galement sugg\u00e9rer aux Am\u00e9ricains de maintenir et de renforcer leur soutien \u00e0 toutes les forces qui \u0153uvrent au Sahel, pour r\u00e9duire le terrorisme dans cet espace. En tout cas, les renseignements fournis \u00e0 Barkhane par Africom, ont \u00e9t\u00e9 d\u00e9cisifs pour la r\u00e9ussite de l\u2019op\u00e9ration. C\u2019est la preuve, s\u2019il en est encore besoin, que lorsque les grandes puissances se donnent la main, elles sont capables de faire changer la peur de camp. L\u2019autre actualit\u00e9 au Mali, c\u2019est la m\u00e9ga- manifestation \u00e0 Bamako, du 5 juin dernier. L\u2019organisation de la manif avait pour but de d\u00e9noncer les affaires pourries de la R\u00e9publique et la responsabilit\u00e9 du pouvoir d\u2019IBK. In fine, les organisateurs au nombre desquels l\u2019on comptait l\u2019Imam Dicko, ont appel\u00e9 \u00e0 la d\u00e9mission hic et nunc du pr\u00e9sident IBK. Les reproches faits \u00e0 ce dernier ne rel\u00e8vent pas de la fiction. Ils sont, en effet, fond\u00e9s. Et m\u00eame les partisans du pouvoir qui sont encore lucides, peuvent l\u2019attester. Il revient \u00e0 IBK, pour autant qu\u2019il aime le Mali, de remettre sa gouvernance en cause. Seulement, l\u2019on peut \u00eatre inquiet de voir l\u2019Imam Dicko prendre la t\u00eate de la manif. Car, ce monsieur est en train de faire des amalgames qui peuvent un jour se retourner contre certaines valeurs de la R\u00e9publique. En rappel, cet Imam d\u00e9fend bec et ongle l\u2019id\u00e9e d\u2019un dialogue avec les terroristes. Et rien ne dit que pour cela, il n\u2019est pas dispos\u00e9 \u00e0 marchander certaines valeurs de la d\u00e9mocratie et de la R\u00e9publique, \u00e0 commencer par la la\u00efcit\u00e9.<\/em><\/p>\n<p class=\"c3\"><strong><em>\u00ab\u00a0Le Pays\u00a0\u00bb<\/em><\/strong><\/p>\n<p class=\"c3\"><strong><em>*Ani baara\u00a0: expression qui signifie en dioula, merci pour le bon boulot<\/em><\/strong><\/p>\n<p>Auteur: Le Pays<br \/>\n<a href=\"http:\/\/lepays.bf\/elimination-du-patron-daqmi-sur-fond-de-manifs-anti-ibk\/\">Cliquez ici pour lire l&rsquo;article depuis sa source.<\/a><\/p>\n","protected":false},"excerpt":{"rendered":"<p>Les forces fran\u00e7aises, avec l\u2019appui de leurs partenaires, ont men\u00e9 une op\u00e9ration anti-terroriste le 3 Juin dernier dans le Nord du Mali, plus pr\u00e9cis\u00e9ment au Nord de l\u2019Adrar des Ifoghas, \u00e0 80 km \u00e0 l\u2019Est de Tessalit, pr\u00e8s de la fronti\u00e8re avec l\u2019Alg\u00e9rie. Le bilan permet de sauter le champagne. En effet, l\u2019embl\u00e9matique gourou d\u2019AQMI, [&hellip;]<\/p>\n","protected":false},"author":1813,"featured_media":0,"comment_status":"closed","ping_status":"closed","sticky":false,"template":"","format":"standard","meta":{"fifu_image_url":"","fifu_image_alt":"","footnotes":""},"categories":[73,81],"tags":[],"class_list":["post-88230","post","type-post","status-publish","format-standard","hentry","category-actualite","category-burkina-faso"],"_links":{"self":[{"href":"https:\/\/linitiative.ca\/International\/wp-json\/wp\/v2\/posts\/88230","targetHints":{"allow":["GET"]}}],"collection":[{"href":"https:\/\/linitiative.ca\/International\/wp-json\/wp\/v2\/posts"}],"about":[{"href":"https:\/\/linitiative.ca\/International\/wp-json\/wp\/v2\/types\/post"}],"author":[{"embeddable":true,"href":"https:\/\/linitiative.ca\/International\/wp-json\/wp\/v2\/users\/1813"}],"replies":[{"embeddable":true,"href":"https:\/\/linitiative.ca\/International\/wp-json\/wp\/v2\/comments?post=88230"}],"version-history":[{"count":0,"href":"https:\/\/linitiative.ca\/International\/wp-json\/wp\/v2\/posts\/88230\/revisions"}],"wp:attachment":[{"href":"https:\/\/linitiative.ca\/International\/wp-json\/wp\/v2\/media?parent=88230"}],"wp:term":[{"taxonomy":"category","embeddable":true,"href":"https:\/\/linitiative.ca\/International\/wp-json\/wp\/v2\/categories?post=88230"},{"taxonomy":"post_tag","embeddable":true,"href":"https:\/\/linitiative.ca\/International\/wp-json\/wp\/v2\/tags?post=88230"}],"curies":[{"name":"wp","href":"https:\/\/api.w.org\/{rel}","templated":true}]}}