{"id":88233,"date":"2020-06-07T05:40:27","date_gmt":"2020-06-07T09:40:27","guid":{"rendered":"https:\/\/linitiative.ca\/International\/covid-19-au-burkina-faso-01-nouveau-cas-confirme-importe-00-deces-05-guerisons-a-la-date-du-4-juin-2020\/"},"modified":"2020-06-07T05:40:27","modified_gmt":"2020-06-07T09:40:27","slug":"covid-19-au-burkina-faso-01-nouveau-cas-confirme-importe-00-deces-05-guerisons-a-la-date-du-4-juin-2020","status":"publish","type":"post","link":"https:\/\/linitiative.ca\/International\/covid-19-au-burkina-faso-01-nouveau-cas-confirme-importe-00-deces-05-guerisons-a-la-date-du-4-juin-2020\/","title":{"rendered":"COVID 19 au Burkina Faso : 01 nouveau cas confirm\u00e9 (import\u00e9), 00 d\u00e9c\u00e8s, 05 gu\u00e9risons \u00e0 la date du 4 juin 2020"},"content":{"rendered":"<div class=\"td-post-sharing-top td-post-sharing td-ps-bg td-ps-padding td-ps-bar td-post-sharing-style6\">\n<div class=\"td-post-sharing-visible\"><a class=\"td-social-sharing-button td-social-sharing-button-js td-social-network td-social-facebook\" href=\"https:\/\/www.facebook.com\/sharer.php?u=https%3A%2F%2Fwww.sidwaya.info%2Fblog%2F2020%2F06%2F07%2Fcovid-19-au-burkina-faso-01-nouveau-cas-confirme-importe-00-deces-05-guerisons-a-la-date-du-4-juin-2020%2F\"\/><\/p>\n<p>Facebook<\/p>\n<p><a class=\"td-social-sharing-button td-social-sharing-button-js td-social-network td-social-twitter\" href=\"https:\/\/twitter.com\/intent\/tweet?text=COVID+19+au+Burkina+Faso+%3A+01+nouveau+cas+confirm%C3%A9+%28import%C3%A9%29%2C+00+d%C3%A9c%C3%A8s%2C+05+gu%C3%A9risons+%C3%A0+la+date+du+4+juin+2020&amp;url=https%3A%2F%2Fwww.sidwaya.info%2Fblog%2F2020%2F06%2F07%2Fcovid-19-au-burkina-faso-01-nouveau-cas-confirme-importe-00-deces-05-guerisons-a-la-date-du-4-juin-2020%2F&amp;via=Quotidien+Sidwaya\"\/><\/p>\n<p>Twitter<\/p>\n<p><a class=\"td-social-sharing-button td-social-sharing-button-js td-social-network td-social-pinterest\" href=\"https:\/\/pinterest.com\/pin\/create\/button\/?url=https:\/\/www.sidwaya.info\/blog\/2020\/06\/07\/covid-19-au-burkina-faso-01-nouveau-cas-confirme-importe-00-deces-05-guerisons-a-la-date-du-4-juin-2020\/&amp;media=https:\/\/www.sidwaya.info\/wp-content\/uploads\/2020\/05\/covi.jpg&amp;description=COVID+19+au+Burkina+Faso+%3A+01+nouveau+cas+confirm%C3%A9+%28import%C3%A9%29%2C+00+d%C3%A9c%C3%A8s%2C+05+gu%C3%A9risons+%C3%A0+la+date+du+4+juin+2020\"\/><\/p>\n<p>Pinterest<\/p>\n<p><a class=\"td-social-sharing-button td-social-sharing-button-js td-social-network td-social-whatsapp\" href=\"whatsapp:\/\/send?text=COVID+19+au+Burkina+Faso+%3A+01+nouveau+cas+confirm%C3%A9+%28import%C3%A9%29%2C+00+d%C3%A9c%C3%A8s%2C+05+gu%C3%A9risons+%C3%A0+la+date+du+4+juin+2020%20%0A%0A%20https:\/\/www.sidwaya.info\/blog\/2020\/06\/07\/covid-19-au-burkina-faso-01-nouveau-cas-confirme-importe-00-deces-05-guerisons-a-la-date-du-4-juin-2020\/\"\/><\/p>\n<p>WhatsApp<\/p>\n<p><a class=\"td-social-sharing-button td-social-sharing-button-js td-social-network td-social-linkedin\" href=\"https:\/\/www.linkedin.com\/shareArticle?mini=true&amp;url=https:\/\/www.sidwaya.info\/blog\/2020\/06\/07\/covid-19-au-burkina-faso-01-nouveau-cas-confirme-importe-00-deces-05-guerisons-a-la-date-du-4-juin-2020\/&amp;title=COVID+19+au+Burkina+Faso+%3A+01+nouveau+cas+confirm%C3%A9+%28import%C3%A9%29%2C+00+d%C3%A9c%C3%A8s%2C+05+gu%C3%A9risons+%C3%A0+la+date+du+4+juin+2020\"\/><\/p>\n<p>Linkedin<\/p>\n<p><a class=\"td-social-sharing-button td-social-sharing-button-js td-social-network td-social-mail\" href=\"mailto:?subject=COVID%2019%20au%20Burkina%20Faso%20:%2001%20nouveau%20cas%20confirm%C3%A9%20(import%C3%A9),%2000%20d%C3%A9c%C3%A8s,%2005%20gu%C3%A9risons%20%C3%A0%20la%20date%20du%204%20juin%202020&amp;body=https:\/\/www.sidwaya.info\/blog\/2020\/06\/07\/covid-19-au-burkina-faso-01-nouveau-cas-confirme-importe-00-deces-05-guerisons-a-la-date-du-4-juin-2020\/\"\/><\/p>\n<p>Email<\/p>\n<p><a class=\"td-social-sharing-button td-social-sharing-button-js td-social-network td-social-print\" href=\"#\"\/><\/p>\n<p>Print<\/p>\n<p><a class=\"td-social-sharing-button td-social-sharing-button-js td-social-network td-social-tumblr\" href=\"https:\/\/www.tumblr.com\/share\/link?url=https:\/\/www.sidwaya.info\/blog\/2020\/06\/07\/covid-19-au-burkina-faso-01-nouveau-cas-confirme-importe-00-deces-05-guerisons-a-la-date-du-4-juin-2020\/&amp;name=COVID%2019%20au%20Burkina%20Faso%20:%2001%20nouveau%20cas%20confirm%C3%A9%20(import%C3%A9),%2000%20d%C3%A9c%C3%A8s,%2005%20gu%C3%A9risons%20%C3%A0%20la%20date%20du%204%20juin%202020\"\/><\/p>\n<p>Tumblr<\/p>\n<p><a class=\"td-social-sharing-button td-social-sharing-button-js td-social-network td-social-telegram\" href=\"https:\/\/telegram.me\/share\/url?url=https:\/\/www.sidwaya.info\/blog\/2020\/06\/07\/covid-19-au-burkina-faso-01-nouveau-cas-confirme-importe-00-deces-05-guerisons-a-la-date-du-4-juin-2020\/&amp;text=COVID+19+au+Burkina+Faso+%3A+01+nouveau+cas+confirm%C3%A9+%28import%C3%A9%29%2C+00+d%C3%A9c%C3%A8s%2C+05+gu%C3%A9risons+%C3%A0+la+date+du+4+juin+2020\"\/><\/p>\n<p>Telegram<\/p>\n<p><a class=\"td-social-sharing-button td-social-sharing-button-js td-social-network td-social-viber\" href=\"viber:\/\/forward?text=COVID+19+au+Burkina+Faso+%3A+01+nouveau+cas+confirm%C3%A9+%28import%C3%A9%29%2C+00+d%C3%A9c%C3%A8s%2C+05+gu%C3%A9risons+%C3%A0+la+date+du+4+juin+2020%20https:\/\/www.sidwaya.info\/blog\/2020\/06\/07\/covid-19-au-burkina-faso-01-nouveau-cas-confirme-importe-00-deces-05-guerisons-a-la-date-du-4-juin-2020\/\"\/><\/p>\n<p>Viber<\/p>\n<p><a class=\"td-social-sharing-button td-social-sharing-button-js td-social-network td-social-naver\" href=\"https:\/\/share.naver.com\/web\/shareView.nhn?url=https:\/\/www.sidwaya.info\/blog\/2020\/06\/07\/covid-19-au-burkina-faso-01-nouveau-cas-confirme-importe-00-deces-05-guerisons-a-la-date-du-4-juin-2020\/&amp;title=COVID+19+au+Burkina+Faso+%3A+01+nouveau+cas+confirm%C3%A9+%28import%C3%A9%29%2C+00+d%C3%A9c%C3%A8s%2C+05+gu%C3%A9risons+%C3%A0+la+date+du+4+juin+2020\"\/><\/p>\n<p>Naver<\/p>\n<\/div>\n<\/div>\n<div class=\"td-post-content tagdiv-type\" readability=\"46\">\n<div class=\"td-post-featured-image\"><a href=\"https:\/\/www.sidwaya.info\/wp-content\/uploads\/2020\/05\/covi.jpg\" data-caption=\"\"><img loading=\"lazy\" decoding=\"async\" width=\"300\" height=\"168\" class=\"entry-thumb td-modal-image\" src=\"https:\/\/www.sidwaya.info\/wp-content\/uploads\/2020\/05\/covi.jpg\" alt=\"\" title=\"covi\"\/><\/a><\/div>\n<p>Coronavirus (COVID-19) au Burkina Faso<br \/>A la date du 04 juin 2020, la situation de la maladie \u00e0 Coronavirus au Burkina Faso se pr\u00e9sente comme suit :<br \/>168 \u00e9chantillons analys\u00e9s, r\u00e9partis-en :<br \/>\u2013 37 tests de cas contacts<br \/>\u2013 85 tests de voyageurs ;<br \/>\u2013 26 tests de cas suspects ;<br \/>\u2013 20 tests de contr\u00f4les ;<br \/>Nombre de nouveaux cas confirm\u00e9s : 01 cas import\u00e9 ;<br \/>Nombre de gu\u00e9risons : 05, portant \u00e0 770, le total des gu\u00e9risons ;<br \/>Nombre de d\u00e9c\u00e8s : 00, total des d\u00e9c\u00e8s 53 ;<br \/>Nombre de cas actifs : 66 ;<br \/>Nombre de cas confirm\u00e9s depuis le 09 mars 2020 : 889 dont 323 femmes et 566 hommes.<\/p>\n<p>Le gouvernement remercie tous les acteurs pour leur engagement et leur d\u00e9termination dans la lutte contre la maladie \u00e0 Coronavirus.<\/p>\n<p>Le gouvernement salue la mobilisation communautaire autour du respect des mesures barri\u00e8res pour limiter la propagation de la COVID-19 .<\/p>\n<div class=\"td-a-rec td-a-rec-id-content_inline tdi_30_e45 td_block_template_1\"><img loading=\"lazy\" decoding=\"async\" class=\"aligncenter size-full wp-image-21314\" src=\"https:\/\/www.sidwaya.info\/wp-content\/uploads\/2020\/04\/Bandeau-Covid-19-Sidwaya-1.jpg\" alt=\"\" width=\"790\" height=\"98\"\/><\/div>\n<p>SIG<\/p>\n<p><img loading=\"lazy\" decoding=\"async\" class=\"alignnone size-medium wp-image-22954\" src=\"https:\/\/www.sidwaya.info\/wp-content\/uploads\/2020\/06\/covid-06-212x300.jpg\" alt=\"\" width=\"212\" height=\"300\" srcset=\"https:\/\/www.sidwaya.info\/wp-content\/uploads\/2020\/06\/covid-06-212x300.jpg 212w, https:\/\/www.sidwaya.info\/wp-content\/uploads\/2020\/06\/covid-06-297x420.jpg 297w, https:\/\/www.sidwaya.info\/wp-content\/uploads\/2020\/06\/covid-06.jpg 621w\" sizes=\"auto, (max-width: 212px) 100vw, 212px\"\/><\/p>\n<div class=\"td-a-rec td-a-rec-id-content_bottom tdi_31_ccd td_block_template_1\"><img loading=\"lazy\" decoding=\"async\" class=\"aligncenter size-full wp-image-22415\" src=\"https:\/\/www.sidwaya.info\/wp-content\/uploads\/2020\/05\/Bandeau-paiement-mobile-site.png\" alt=\"\" width=\"728\" height=\"90\"\/><\/div>\n<\/div>\n<footer>\n<div class=\"td-post-sharing-bottom\">\n<p><iframe frameborder=\"0\" src=\"https:\/\/www.facebook.com\/plugins\/like.php?href=https:\/\/www.sidwaya.info\/blog\/2020\/06\/07\/covid-19-au-burkina-faso-01-nouveau-cas-confirme-importe-00-deces-05-guerisons-a-la-date-du-4-juin-2020\/&amp;layout=button_count&amp;show_faces=false&amp;width=105&amp;action=like&amp;colorscheme=light&amp;height=21\" class=\"c1\">[embedded content]<\/iframe><\/p>\n<div id=\"td_social_sharing_article_bottom\" class=\"td-post-sharing td-ps-bg td-ps-padding td-post-sharing-style7\">\n<div class=\"td-post-sharing-visible\"><a class=\"td-social-sharing-button td-social-sharing-button-js td-social-network td-social-facebook\" href=\"https:\/\/www.facebook.com\/sharer.php?u=https%3A%2F%2Fwww.sidwaya.info%2Fblog%2F2020%2F06%2F07%2Fcovid-19-au-burkina-faso-01-nouveau-cas-confirme-importe-00-deces-05-guerisons-a-la-date-du-4-juin-2020%2F\"\/><\/p>\n<p>Facebook<\/p>\n<p><a class=\"td-social-sharing-button td-social-sharing-button-js td-social-network td-social-twitter\" href=\"https:\/\/twitter.com\/intent\/tweet?text=COVID+19+au+Burkina+Faso+%3A+01+nouveau+cas+confirm%C3%A9+%28import%C3%A9%29%2C+00+d%C3%A9c%C3%A8s%2C+05+gu%C3%A9risons+%C3%A0+la+date+du+4+juin+2020&amp;url=https%3A%2F%2Fwww.sidwaya.info%2Fblog%2F2020%2F06%2F07%2Fcovid-19-au-burkina-faso-01-nouveau-cas-confirme-importe-00-deces-05-guerisons-a-la-date-du-4-juin-2020%2F&amp;via=Quotidien+Sidwaya\"\/><\/p>\n<p>Twitter<\/p>\n<p><a class=\"td-social-sharing-button td-social-sharing-button-js td-social-network td-social-pinterest\" href=\"https:\/\/pinterest.com\/pin\/create\/button\/?url=https:\/\/www.sidwaya.info\/blog\/2020\/06\/07\/covid-19-au-burkina-faso-01-nouveau-cas-confirme-importe-00-deces-05-guerisons-a-la-date-du-4-juin-2020\/&amp;media=https:\/\/www.sidwaya.info\/wp-content\/uploads\/2020\/05\/covi.jpg&amp;description=COVID+19+au+Burkina+Faso+%3A+01+nouveau+cas+confirm%C3%A9+%28import%C3%A9%29%2C+00+d%C3%A9c%C3%A8s%2C+05+gu%C3%A9risons+%C3%A0+la+date+du+4+juin+2020\"\/><\/p>\n<p>Pinterest<\/p>\n<p><a class=\"td-social-sharing-button td-social-sharing-button-js td-social-network td-social-whatsapp\" href=\"whatsapp:\/\/send?text=COVID+19+au+Burkina+Faso+%3A+01+nouveau+cas+confirm%C3%A9+%28import%C3%A9%29%2C+00+d%C3%A9c%C3%A8s%2C+05+gu%C3%A9risons+%C3%A0+la+date+du+4+juin+2020%20%0A%0A%20https:\/\/www.sidwaya.info\/blog\/2020\/06\/07\/covid-19-au-burkina-faso-01-nouveau-cas-confirme-importe-00-deces-05-guerisons-a-la-date-du-4-juin-2020\/\"\/><\/p>\n<p>WhatsApp<\/p>\n<p><a class=\"td-social-sharing-button td-social-sharing-button-js td-social-network td-social-linkedin\" href=\"https:\/\/www.linkedin.com\/shareArticle?mini=true&amp;url=https:\/\/www.sidwaya.info\/blog\/2020\/06\/07\/covid-19-au-burkina-faso-01-nouveau-cas-confirme-importe-00-deces-05-guerisons-a-la-date-du-4-juin-2020\/&amp;title=COVID+19+au+Burkina+Faso+%3A+01+nouveau+cas+confirm%C3%A9+%28import%C3%A9%29%2C+00+d%C3%A9c%C3%A8s%2C+05+gu%C3%A9risons+%C3%A0+la+date+du+4+juin+2020\"\/><\/p>\n<p>Linkedin<\/p>\n<p><a class=\"td-social-sharing-button td-social-sharing-button-js td-social-network td-social-mail\" href=\"mailto:?subject=COVID%2019%20au%20Burkina%20Faso%20:%2001%20nouveau%20cas%20confirm%C3%A9%20(import%C3%A9),%2000%20d%C3%A9c%C3%A8s,%2005%20gu%C3%A9risons%20%C3%A0%20la%20date%20du%204%20juin%202020&amp;body=https:\/\/www.sidwaya.info\/blog\/2020\/06\/07\/covid-19-au-burkina-faso-01-nouveau-cas-confirme-importe-00-deces-05-guerisons-a-la-date-du-4-juin-2020\/\"\/><\/p>\n<p>Email<\/p>\n<p><a class=\"td-social-sharing-button td-social-sharing-button-js td-social-network td-social-print\" href=\"#\"\/><\/p>\n<p>Print<\/p>\n<p><a class=\"td-social-sharing-button td-social-sharing-button-js td-social-network td-social-tumblr\" href=\"https:\/\/www.tumblr.com\/share\/link?url=https:\/\/www.sidwaya.info\/blog\/2020\/06\/07\/covid-19-au-burkina-faso-01-nouveau-cas-confirme-importe-00-deces-05-guerisons-a-la-date-du-4-juin-2020\/&amp;name=COVID%2019%20au%20Burkina%20Faso%20:%2001%20nouveau%20cas%20confirm%C3%A9%20(import%C3%A9),%2000%20d%C3%A9c%C3%A8s,%2005%20gu%C3%A9risons%20%C3%A0%20la%20date%20du%204%20juin%202020\"\/><\/p>\n<p>Tumblr<\/p>\n<p><a class=\"td-social-sharing-button td-social-sharing-button-js td-social-network td-social-telegram\" href=\"https:\/\/telegram.me\/share\/url?url=https:\/\/www.sidwaya.info\/blog\/2020\/06\/07\/covid-19-au-burkina-faso-01-nouveau-cas-confirme-importe-00-deces-05-guerisons-a-la-date-du-4-juin-2020\/&amp;text=COVID+19+au+Burkina+Faso+%3A+01+nouveau+cas+confirm%C3%A9+%28import%C3%A9%29%2C+00+d%C3%A9c%C3%A8s%2C+05+gu%C3%A9risons+%C3%A0+la+date+du+4+juin+2020\"\/><\/p>\n<p>Telegram<\/p>\n<p><a class=\"td-social-sharing-button td-social-sharing-button-js td-social-network td-social-viber\" href=\"viber:\/\/forward?text=COVID+19+au+Burkina+Faso+%3A+01+nouveau+cas+confirm%C3%A9+%28import%C3%A9%29%2C+00+d%C3%A9c%C3%A8s%2C+05+gu%C3%A9risons+%C3%A0+la+date+du+4+juin+2020%20https:\/\/www.sidwaya.info\/blog\/2020\/06\/07\/covid-19-au-burkina-faso-01-nouveau-cas-confirme-importe-00-deces-05-guerisons-a-la-date-du-4-juin-2020\/\"\/><\/p>\n<p>Viber<\/p>\n<p><a class=\"td-social-sharing-button td-social-sharing-button-js td-social-network td-social-naver\" href=\"https:\/\/share.naver.com\/web\/shareView.nhn?url=https:\/\/www.sidwaya.info\/blog\/2020\/06\/07\/covid-19-au-burkina-faso-01-nouveau-cas-confirme-importe-00-deces-05-guerisons-a-la-date-du-4-juin-2020\/&amp;title=COVID+19+au+Burkina+Faso+%3A+01+nouveau+cas+confirm%C3%A9+%28import%C3%A9%29%2C+00+d%C3%A9c%C3%A8s%2C+05+gu%C3%A9risons+%C3%A0+la+date+du+4+juin+2020\"\/><\/p>\n<p>Naver<\/p>\n<\/div>\n<\/div>\n<\/div>\n<div class=\"td-block-row td-post-next-prev\">\n<div class=\"td-block-span6 td-post-prev-post td-post-next-prev-content\"><span>Article pr\u00e9c\u00e9dent<\/span><a href=\"https:\/\/www.sidwaya.info\/blog\/2020\/06\/05\/mali-des-populations-dans-les-rues-de-bamako-pour-demander-le-depart-du-president\/\">Mali: des populations dans les rues de Bamako pour demander le d\u00e9part du pr\u00e9sident<\/a><\/div>\n<div class=\"td-block-span6 td-post-next-post td-post-next-prev-content\"><span>Article suivant<\/span><a href=\"https:\/\/www.sidwaya.info\/blog\/2020\/06\/07\/communique-necrologique-de-madame-tapsoba-elisabeth-assistante-sociale-a-la-retraite\/\">Communiqu\u00e9 necrologique de Madame TAPSOBA Elisabeth, assistante sociale \u00e0 la retraite<\/a><\/div>\n<\/div>\n<\/footer>\n<p>Auteur: Wamini SIDWAYA<br \/>\n<a href=\"https:\/\/www.sidwaya.info\/blog\/2020\/06\/07\/covid-19-au-burkina-faso-01-nouveau-cas-confirme-importe-00-deces-05-guerisons-a-la-date-du-4-juin-2020\/\">Cliquez ici pour lire l&rsquo;article depuis sa source.<\/a><\/p>\n","protected":false},"excerpt":{"rendered":"<p>Facebook Twitter Pinterest WhatsApp Linkedin Email Print Tumblr Telegram Viber Naver Coronavirus (COVID-19) au Burkina FasoA la date du 04 juin 2020, la situation de la maladie \u00e0 Coronavirus au Burkina Faso se pr\u00e9sente comme suit :168 \u00e9chantillons analys\u00e9s, r\u00e9partis-en :\u2013 37 tests de cas contacts\u2013 85 tests de voyageurs ;\u2013 26 tests de cas [&hellip;]<\/p>\n","protected":false},"author":1816,"featured_media":88234,"comment_status":"closed","ping_status":"closed","sticky":false,"template":"","format":"standard","meta":{"fifu_image_url":"","fifu_image_alt":"","footnotes":""},"categories":[73,81],"tags":[],"class_list":["post-88233","post","type-post","status-publish","format-standard","has-post-thumbnail","hentry","category-actualite","category-burkina-faso"],"_links":{"self":[{"href":"https:\/\/linitiative.ca\/International\/wp-json\/wp\/v2\/posts\/88233","targetHints":{"allow":["GET"]}}],"collection":[{"href":"https:\/\/linitiative.ca\/International\/wp-json\/wp\/v2\/posts"}],"about":[{"href":"https:\/\/linitiative.ca\/International\/wp-json\/wp\/v2\/types\/post"}],"author":[{"embeddable":true,"href":"https:\/\/linitiative.ca\/International\/wp-json\/wp\/v2\/users\/1816"}],"replies":[{"embeddable":true,"href":"https:\/\/linitiative.ca\/International\/wp-json\/wp\/v2\/comments?post=88233"}],"version-history":[{"count":0,"href":"https:\/\/linitiative.ca\/International\/wp-json\/wp\/v2\/posts\/88233\/revisions"}],"wp:featuredmedia":[{"embeddable":true,"href":"https:\/\/linitiative.ca\/International\/wp-json\/"}],"wp:attachment":[{"href":"https:\/\/linitiative.ca\/International\/wp-json\/wp\/v2\/media?parent=88233"}],"wp:term":[{"taxonomy":"category","embeddable":true,"href":"https:\/\/linitiative.ca\/International\/wp-json\/wp\/v2\/categories?post=88233"},{"taxonomy":"post_tag","embeddable":true,"href":"https:\/\/linitiative.ca\/International\/wp-json\/wp\/v2\/tags?post=88233"}],"curies":[{"name":"wp","href":"https:\/\/api.w.org\/{rel}","templated":true}]}}