{"id":88236,"date":"2020-06-07T17:28:34","date_gmt":"2020-06-07T21:28:34","guid":{"rendered":"https:\/\/linitiative.ca\/International\/electrification-rurale-par-lenergie-solaire-tanghin-dassouri-rampe-de-lancement-du-projet\/"},"modified":"2020-06-07T17:28:34","modified_gmt":"2020-06-07T21:28:34","slug":"electrification-rurale-par-lenergie-solaire-tanghin-dassouri-rampe-de-lancement-du-projet","status":"publish","type":"post","link":"https:\/\/linitiative.ca\/International\/electrification-rurale-par-lenergie-solaire-tanghin-dassouri-rampe-de-lancement-du-projet\/","title":{"rendered":"Electrification rurale par l\u2019\u00e9nergie solaire : Tanghin-Dassouri, rampe de lancement du projet"},"content":{"rendered":"<div class=\"td-post-featured-image\" readability=\"34\"><a href=\"https:\/\/www.sidwaya.info\/wp-content\/uploads\/2020\/06\/rurale.jpg\" data-caption=\"Le ministre en charge de l&#x2019;&#xE9;ducation nationale, Stanislas Ouaro (2e &#xE0; gauche): &#x201C;L&#x2019;&#xE9;clairage solaire des &#xE9;tablissements scolaires contribue &#xE0; r&#xE9;duire la fracture &#xE9;nerg&#xE9;tique&#x201D;.\"><img loading=\"lazy\" decoding=\"async\" width=\"696\" height=\"464\" class=\"entry-thumb td-modal-image\" src=\"https:\/\/www.sidwaya.info\/wp-content\/uploads\/2020\/06\/rurale-696x464.jpg\" srcset=\"https:\/\/www.sidwaya.info\/wp-content\/uploads\/2020\/06\/rurale-696x464.jpg 696w, https:\/\/www.sidwaya.info\/wp-content\/uploads\/2020\/06\/rurale-300x200.jpg 300w, https:\/\/www.sidwaya.info\/wp-content\/uploads\/2020\/06\/rurale-768x512.jpg 768w, https:\/\/www.sidwaya.info\/wp-content\/uploads\/2020\/06\/rurale-630x420.jpg 630w, https:\/\/www.sidwaya.info\/wp-content\/uploads\/2020\/06\/rurale.jpg 787w\" sizes=\"auto, (max-width: 696px) 100vw, 696px\" alt=\"\" title=\"rurale\"\/><\/a>Le ministre en charge de l\u2019\u00e9ducation nationale, Stanislas Ouaro (2e \u00e0 gauche): \u201cL\u2019\u00e9clairage solaire des \u00e9tablissements scolaires contribue \u00e0 r\u00e9duire la fracture \u00e9nerg\u00e9tique\u201d.<\/div>\n<p><strong>L\u2019inauguration du Projet d\u2019\u00e9lectrification rurale par l\u2019\u00e9nergie solaire photovolta\u00efque a eu lieu, le vendredi 5 juin 2020 \u00e0 Tanghin-Dassouri dans la province du Kadiogo, en pr\u00e9sence de l\u2019ambassadeur du Japon au Burkina Faso, Tamotsu Ikezaki.<\/strong><\/p>\n<p>Le \u201cProjet d\u2019\u00e9lectrification rurale par l\u2019\u00e9nergie solaire photovolta\u00efque dans la commune de Tanghin-Dassouri, province du Kadiogo\u201d en faveur de l\u2019Association Faso-Japon Solidarit\u00e9 (AFAJAPS) est d\u00e9sormais en marche. Le lancement de la phase pilote du projet a, en effet, eu lieu le vendredi 5 juin 2020 \u00e0 l\u2019\u00e9cole primaire publique Kologh- Naaba de Tanghin-Dassouri.<\/p>\n<p>Cette c\u00e9r\u00e9monie, a soulign\u00e9 le pr\u00e9sident de l\u2019AFAJAPS, Siaka Gob\u00e9, est la concr\u00e9tisation du contrat de don d\u2019un montant de quarante-huit millions cinq cent dix-neuf mille huit cent trente (48 519 830) F CFA, sign\u00e9 le 13 d\u00e9cembre 2019 avec l\u2019ambassadeur du Japon au Burkina Faso, Tamotsu Ikezaki. Ce projet a consist\u00e9, a-t-il pr\u00e9cis\u00e9, en l\u2019installation d\u2019\u00e9quipements d\u2019\u00e9nergie solaire photovolta\u00efque dans cinq infrastructures socio\u00e9conomiques de la commune de Tanghin-Dassouri (\u00e9cole publique primaire de Kologh-Naaba, centre de sant\u00e9, march\u00e9, mus\u00e9e de Bazoul\u00e9, mare aux ca\u00efmans de Bazoul\u00e9).<\/p>\n<div class=\"td-a-rec td-a-rec-id-content_inline tdi_30_d75 td_block_template_1\"><img loading=\"lazy\" decoding=\"async\" class=\"aligncenter size-full wp-image-21314\" src=\"https:\/\/www.sidwaya.info\/wp-content\/uploads\/2020\/04\/Bandeau-Covid-19-Sidwaya-1.jpg\" alt=\"\" width=\"790\" height=\"98\"\/><\/div>\n<p>L\u2019am\u00e9lioration du rendement scolaire, de la qualit\u00e9 des services de sant\u00e9, la productivit\u00e9 des commer\u00e7ants dans les march\u00e9s; la dynamisation du tourisme \u00e0 Tanghin-Dassouri; la r\u00e9duction de la pauvret\u00e9 et de l\u2019ins\u00e9curit\u00e9 sont, a-t-il dit, les principaux objectifs de ce projet d\u2019\u00e9lectrification. \u201cAu total, 26 lampadaires, 5 syst\u00e8mes d\u2019\u00e9clairage fixe et 10 ensembles de syst\u00e8me d\u2019\u00e9clairage portable constituent le menu de ce projet\u201d, a-t-il pr\u00e9cis\u00e9. Ces cinq infrastructures socio\u00e9conomiques, a indiqu\u00e9 l\u2019ambassadeur du Japon au Burkina Faso, Tamotsu Ikezaki, sont d\u00e9sormais \u00e9clair\u00e9es gr\u00e2ce \u00e0 des plaques solaires sous forme de rubans, pliables, faciles \u00e0 installer et d\u2019une dur\u00e9e de vie de 25 ans.<\/p>\n<h3>R\u00e9duire la fracture \u00e9nerg\u00e9tique<\/h3>\n<p><img loading=\"lazy\" decoding=\"async\" class=\"size-medium wp-image-22964\" src=\"https:\/\/www.sidwaya.info\/wp-content\/uploads\/2020\/06\/rurale2-300x200.jpg\" alt=\"\" width=\"300\" height=\"200\" srcset=\"https:\/\/www.sidwaya.info\/wp-content\/uploads\/2020\/06\/rurale2-300x200.jpg 300w, https:\/\/www.sidwaya.info\/wp-content\/uploads\/2020\/06\/rurale2-768x512.jpg 768w, https:\/\/www.sidwaya.info\/wp-content\/uploads\/2020\/06\/rurale2-696x464.jpg 696w, https:\/\/www.sidwaya.info\/wp-content\/uploads\/2020\/06\/rurale2-630x420.jpg 630w, https:\/\/www.sidwaya.info\/wp-content\/uploads\/2020\/06\/rurale2.jpg 787w\" sizes=\"auto, (max-width: 300px) 100vw, 300px\"\/>Le pr\u00e9sident de l\u2019AFAJAPS, Siaka Gob\u00e9: \u201cLa r\u00e9alisation de ce programme est un acte de solidarit\u00e9 du peuple japonais\u201d.<\/p>\n<p>\u201cTanghin-Dassouri devra donc r\u00e9ussir le pari de bien entretenir ces installations solaires \u00e0 travers le renouvellement des batteries et une maintenance r\u00e9guli\u00e8re. Votre engagement \u00e0 faire un bon usage de ces joyaux permettra de booster les autres projets du m\u00eame type, notamment le projet Lumi\u00e8re pour tous au primaire et au post-primaire. Vous \u00eates des pionniers et je vous exhorte \u00e0 faire preuve de \u00ab Kaizen \u00bb dans l\u2019utilisation de cette source d\u2019\u00e9nergie\u201d, s\u2019est-il adress\u00e9 aux b\u00e9n\u00e9ficiaires.<\/p>\n<p>L\u2019objectif du Japon \u00e0 travers ce projet, a-t-il soutenu, est de vulgariser \u00e0 terme la technologie nipponne, particuli\u00e8rement dans des \u00e9coles. Repr\u00e9sentant le pr\u00e9sident de l\u2019entreprise japonaise, Kens.Co, Noubuhiro Kawaguchi, le premier responsable de l\u2019entreprise burkinab\u00e8, Miyota, Joseph Lompo a, en effet, r\u00e9v\u00e9l\u00e9 que tous les travaux d\u2019installation ont \u00e9t\u00e9 effectu\u00e9s uniquement par la population locale.<\/p>\n<p>Cela lui permettra ainsi, a-t-il ajout\u00e9, de maintenir et d\u2019exploiter le projet de mani\u00e8re ind\u00e9pendante. Le ministre de l\u2019Education nationale, de l\u2019Alphab\u00e9tisation et de la Promotion des langues nationales, Stanislas Ouaro, a exhort\u00e9, pour sa part, la commune b\u00e9n\u00e9ficiaire \u00e0 r\u00e9ussir cette phase pilote afin de permettre aux futurs b\u00e9n\u00e9ficiaires de s\u2019inscrire dans cette dynamique.<\/p>\n<p>L\u2019\u00e9clairage solaire des \u00e9tablissements scolaires contribue, a poursuivi le ministre Ouaro, \u00e0 r\u00e9duire la fracture \u00e9nerg\u00e9tique.<br \/>\u201cIl est prouv\u00e9 que les \u00e9l\u00e8ves qui ont acc\u00e8s \u00e0 cette \u00e9nergie r\u00e9ussissent parfois mieux que ceux qui n\u2019en b\u00e9n\u00e9ficient pas. Pour lutter contre cette in\u00e9quit\u00e9 dans notre syst\u00e8me \u00e9ducatif, le Japon, \u00e0 travers son ambassadeur au Burkina Faso, a d\u00e9cid\u00e9 d\u2019accompagner notre pays\u201d, a-t-il d\u00e9clar\u00e9, en souhaitant un \u201ctr\u00e8s bon retour\u201d au diplomate japonais, en fin de mission au pays des Hommes int\u00e8gres.<\/p>\n<p>Tout en t\u00e9moignant sa gratitude au donateur, le maire de la commune de Tanghin-Dassouri, Alassane Kiemtor\u00e9, a affirm\u00e9 que l\u2019\u00e9ducation est, depuis 2016, au c\u0153ur des activit\u00e9s du conseil municipal.<br \/>Aucun d\u00e9veloppement n\u2019est possible, a-t-il estim\u00e9, en dehors d\u2019une population \u00e9duqu\u00e9e et \u00e9clair\u00e9e.<\/p>\n<p>\u201cC\u2019est pourquoi, une partie du budget communal a \u00e9t\u00e9 consacr\u00e9e \u00e0 des investissements dans le secteur de l\u2019\u00e9ducation, \u00e0 travers la construction de 16 \u00e9coles primaires, 5 Coll\u00e8ges d\u2019enseignement g\u00e9n\u00e9ral (CEG), et la r\u00e9habilitation de 43 \u00e9coles, le tout d\u2019un co\u00fbt global d\u2019un milliard quarante-six millions cinq cent six mille six cent quatre-vingt-huit (1 046 506 688) F CFA\u201d, a d\u00e9taill\u00e9 M. Kiemtor\u00e9.<\/p>\n<p>Embouchant la m\u00eame trompette que son pr\u00e9d\u00e9cesseur, le porte-parole des b\u00e9n\u00e9ficiaires, Silmiougou Naaba Tigr\u00e9, a salu\u00e9 le geste de l\u2019ambassade du Japon au Burkina Faso, et des premiers responsables de l\u2019AFAJAPS. Il a souhait\u00e9 que ce projet s\u2019\u00e9tende \u00e0 toutes les infrastructures socio\u00e9conomiques de Tanghin-Dassouri, voire du Burkina Faso.<br \/>Une remise de kits solaires au responsable du centre m\u00e9dical de Tanghin-Dassouri, et la visite des salles de classe de l\u2019\u00e9cole primaire publique de Tanghin-Dassouri ont \u00e9t\u00e9 les derniers actes de la c\u00e9r\u00e9monie.<\/p>\n<p class=\"c1\"><strong>W. Aubin NANA<\/strong><\/p>\n<div class=\"td-a-rec td-a-rec-id-content_bottom tdi_31_5fd td_block_template_1\"><img loading=\"lazy\" decoding=\"async\" class=\"aligncenter size-full wp-image-22415\" src=\"https:\/\/www.sidwaya.info\/wp-content\/uploads\/2020\/05\/Bandeau-paiement-mobile-site.png\" alt=\"\" width=\"728\" height=\"90\"\/><\/div>\n<p>Auteur: JK. Sidwaya<br \/>\n<a href=\"https:\/\/www.sidwaya.info\/blog\/2020\/06\/07\/electrification-rurale-par-lenergie-solaire-tanghin-dassouri-rampe-de-lancement-du-projet\/\">Cliquez ici pour lire l&rsquo;article depuis sa source.<\/a><\/p>\n","protected":false},"excerpt":{"rendered":"<p>Le ministre en charge de l\u2019\u00e9ducation nationale, Stanislas Ouaro (2e \u00e0 gauche): \u201cL\u2019\u00e9clairage solaire des \u00e9tablissements scolaires contribue \u00e0 r\u00e9duire la fracture \u00e9nerg\u00e9tique\u201d. L\u2019inauguration du Projet d\u2019\u00e9lectrification rurale par l\u2019\u00e9nergie solaire photovolta\u00efque a eu lieu, le vendredi 5 juin 2020 \u00e0 Tanghin-Dassouri dans la province du Kadiogo, en pr\u00e9sence de l\u2019ambassadeur du Japon au Burkina [&hellip;]<\/p>\n","protected":false},"author":1816,"featured_media":88237,"comment_status":"closed","ping_status":"closed","sticky":false,"template":"","format":"standard","meta":{"fifu_image_url":"","fifu_image_alt":"","footnotes":""},"categories":[73,81],"tags":[],"class_list":["post-88236","post","type-post","status-publish","format-standard","has-post-thumbnail","hentry","category-actualite","category-burkina-faso"],"_links":{"self":[{"href":"https:\/\/linitiative.ca\/International\/wp-json\/wp\/v2\/posts\/88236","targetHints":{"allow":["GET"]}}],"collection":[{"href":"https:\/\/linitiative.ca\/International\/wp-json\/wp\/v2\/posts"}],"about":[{"href":"https:\/\/linitiative.ca\/International\/wp-json\/wp\/v2\/types\/post"}],"author":[{"embeddable":true,"href":"https:\/\/linitiative.ca\/International\/wp-json\/wp\/v2\/users\/1816"}],"replies":[{"embeddable":true,"href":"https:\/\/linitiative.ca\/International\/wp-json\/wp\/v2\/comments?post=88236"}],"version-history":[{"count":0,"href":"https:\/\/linitiative.ca\/International\/wp-json\/wp\/v2\/posts\/88236\/revisions"}],"wp:featuredmedia":[{"embeddable":true,"href":"https:\/\/linitiative.ca\/International\/wp-json\/"}],"wp:attachment":[{"href":"https:\/\/linitiative.ca\/International\/wp-json\/wp\/v2\/media?parent=88236"}],"wp:term":[{"taxonomy":"category","embeddable":true,"href":"https:\/\/linitiative.ca\/International\/wp-json\/wp\/v2\/categories?post=88236"},{"taxonomy":"post_tag","embeddable":true,"href":"https:\/\/linitiative.ca\/International\/wp-json\/wp\/v2\/tags?post=88236"}],"curies":[{"name":"wp","href":"https:\/\/api.w.org\/{rel}","templated":true}]}}