{"id":88240,"date":"2020-06-07T15:18:05","date_gmt":"2020-06-07T19:18:05","guid":{"rendered":"https:\/\/linitiative.ca\/International\/abdelmalek-droukdel-en-quelques-dates\/"},"modified":"2020-06-07T15:18:05","modified_gmt":"2020-06-07T19:18:05","slug":"abdelmalek-droukdel-en-quelques-dates","status":"publish","type":"post","link":"https:\/\/linitiative.ca\/International\/abdelmalek-droukdel-en-quelques-dates\/","title":{"rendered":"Abdelmalek Droukdel en quelques dates"},"content":{"rendered":"<div readability=\"32\">\n<p>Publi\u00e9 le 07.06.2020 \u00e0 20h18 par APA News<\/p>\n<\/div>\n<div readability=\"73\">\n<p>APA revient sur la trajectoire d\u2019Abdelmalek Droukdel, chef d\u2019Al-Qa\u00efda au Maghreb islamique (Aqmi) tu\u00e9 par les forces arm\u00e9es fran\u00e7aises.D\u00e9but des ann\u00e9es 70 : naissance d\u2019Abdelmalek Droukdel pr\u00e8s d\u2019Alger (capitale alg\u00e9rienne).<\/p>\n<p>D\u00e9but des ann\u00e9es 1990\u00a0: il rejoint le Groupe Islamique Arm\u00e9 (GIA).<\/p>\n<p>2004 : Droukdel prend la t\u00eate du Groupe salafiste pour la Pr\u00e9dication et le Combat (GSPC).<\/p>\n<p>2006 : il pr\u00eate all\u00e9geance au groupe jihadiste Al-Qa\u00efda.<\/p>\n<p>2011 : il se rapproche d\u2019Iyad ag-Ghaly, ex-leader de la r\u00e9bellion touareg du nord Mali devenu lui-m\u00eame jihadiste.<\/p>\n<p>2014 : Abou Moussab Abdel Woudoud, de son vrai nom, perd plusieurs de ses combattants au profit du mouvement jihadiste Etat Islamique (EI).<\/p>\n<p>2017 : il accepte l\u2019all\u00e9geance \u00e0 Al-Qa\u00efda du Malien Iyad ag-Ghaly qui vient de cr\u00e9er le Groupe de Soutien \u00e0 l\u2019Islam aux Musulmans au Maghreb islamique (GSIM), mais perd plusieurs cadres de son mouvement, comme Bilel Kobi, l\u2019envoy\u00e9 sp\u00e9cial de Droukdel en Tunisie, B\u00e9chir ben N\u00e9ji, \u00e9mir en Tunisie, Adel Seghiri, responsable de la propagande d\u2019Aqmi, tu\u00e9s lors d\u2019op\u00e9rations militaires.<\/p>\n<p>En 2017, il promet \u00e9galement \u00ab\u00a0un \u00e9chec retentissant\u00a0\u00bb \u00e0 l\u2019EI dans un long entretien accord\u00e9 \u00e0 la revue\u00a0Inspire, tuyau de propagande d\u2019Al-Qa\u00efda dans la p\u00e9ninsule arabique (Aqpa).<\/p>\n<p>3 juin 2020 : mort d\u2019Abdelmalek Droukdel \u00e0 Talhandak, \u00e0 80 kilom\u00e8tres de Tessalit (nord du Mali), le long de la fronti\u00e8re alg\u00e9rienne.<\/p>\n<\/div>\n<p>Auteur: APA News<br \/>\n<a href=\"https:\/\/www.journalducameroun.com\/abdelmalek-droukdel-en-quelques-dates\/\">Cliquez ici pour lire l&rsquo;article depuis sa source.<\/a><\/p>\n","protected":false},"excerpt":{"rendered":"<p>Publi\u00e9 le 07.06.2020 \u00e0 20h18 par APA News APA revient sur la trajectoire d\u2019Abdelmalek Droukdel, chef d\u2019Al-Qa\u00efda au Maghreb islamique (Aqmi) tu\u00e9 par les forces arm\u00e9es fran\u00e7aises.D\u00e9but des ann\u00e9es 70 : naissance d\u2019Abdelmalek Droukdel pr\u00e8s d\u2019Alger (capitale alg\u00e9rienne). D\u00e9but des ann\u00e9es 1990\u00a0: il rejoint le Groupe Islamique Arm\u00e9 (GIA). 2004 : Droukdel prend la t\u00eate [&hellip;]<\/p>\n","protected":false},"author":1965,"featured_media":0,"comment_status":"closed","ping_status":"closed","sticky":false,"template":"","format":"standard","meta":{"fifu_image_url":"","fifu_image_alt":"","footnotes":""},"categories":[73,82],"tags":[],"class_list":["post-88240","post","type-post","status-publish","format-standard","hentry","category-actualite","category-cameroun"],"_links":{"self":[{"href":"https:\/\/linitiative.ca\/International\/wp-json\/wp\/v2\/posts\/88240","targetHints":{"allow":["GET"]}}],"collection":[{"href":"https:\/\/linitiative.ca\/International\/wp-json\/wp\/v2\/posts"}],"about":[{"href":"https:\/\/linitiative.ca\/International\/wp-json\/wp\/v2\/types\/post"}],"author":[{"embeddable":true,"href":"https:\/\/linitiative.ca\/International\/wp-json\/wp\/v2\/users\/1965"}],"replies":[{"embeddable":true,"href":"https:\/\/linitiative.ca\/International\/wp-json\/wp\/v2\/comments?post=88240"}],"version-history":[{"count":0,"href":"https:\/\/linitiative.ca\/International\/wp-json\/wp\/v2\/posts\/88240\/revisions"}],"wp:attachment":[{"href":"https:\/\/linitiative.ca\/International\/wp-json\/wp\/v2\/media?parent=88240"}],"wp:term":[{"taxonomy":"category","embeddable":true,"href":"https:\/\/linitiative.ca\/International\/wp-json\/wp\/v2\/categories?post=88240"},{"taxonomy":"post_tag","embeddable":true,"href":"https:\/\/linitiative.ca\/International\/wp-json\/wp\/v2\/tags?post=88240"}],"curies":[{"name":"wp","href":"https:\/\/api.w.org\/{rel}","templated":true}]}}