{"id":88243,"date":"2020-06-07T09:26:59","date_gmt":"2020-06-07T13:26:59","guid":{"rendered":"https:\/\/linitiative.ca\/International\/gestion-des-approvisionnements-les-entreprises-se-tournent-vers-les-solutions-locales\/"},"modified":"2020-06-07T09:26:59","modified_gmt":"2020-06-07T13:26:59","slug":"gestion-des-approvisionnements-les-entreprises-se-tournent-vers-les-solutions-locales","status":"publish","type":"post","link":"https:\/\/linitiative.ca\/International\/gestion-des-approvisionnements-les-entreprises-se-tournent-vers-les-solutions-locales\/","title":{"rendered":"Gestion des approvisionnements : les entreprises se tournent vers les solutions locales"},"content":{"rendered":"<p>La d\u00e9cision des pouvoirs publics de fermer les fronti\u00e8res nationales, le 17 mars 2020 pour limiter la propagation de la maladie \u00e0 <strong>Coronavirus<\/strong> (Covid-19) a oblig\u00e9 les entreprises, en par\u00adticulier celles qui op\u00e8rent dans le segment de la transformation (agroalimentaire) \u00e0 r\u00e9viser leurs strat\u00e9gies en mati\u00e8res d\u2019appro\u00advisionnements en intrants. Un coup dur d\u2019autant plus que ces derni\u00e8res se plaignaient d\u00e9j\u00e0 d\u2019\u00eatre affect\u00e9es par la p\u00e9nurie des devises qui limitait leurs marges de man\u0153uvres d\u2019impor\u00adtation desdits intrants. \u00ab Nous sommes dans contexte de crise de devises qui fait en sorte que l\u2019acc\u00e8s \u00e0 celles-ci pour l\u2019impor\u00adtation des intrants, devient de plus en plus probl\u00e9matique \u00bb, relevait d\u00e9j\u00e0 <strong>Pr Isaac Tamba<\/strong>, directeur g\u00e9n\u00e9ral de l\u2019Economie et de la planification des inves\u00adtissements publics au minist\u00e8re de l\u2019Economie, de la Planifica\u00adtion et de l\u2019Am\u00e9nagement du territoire (<strong>Minepat<\/strong>).<\/p>\n<p>Un programme destin\u00e9 \u00e0 l\u2019ac\u00adcompagnement des producteurs d\u2019intrants locaux a \u00e9t\u00e9 mis sur pied par le Minepat. Ce pro\u00adgramme regroupe en son sein, l\u2019administration, les produc\u00adteurs ainsi que des entreprises utilisatrices desdits intrants. Il vise \u00e0 aider les producteurs locaux d\u2019intrants, \u00e0 r\u00e9pondre de mani\u00e8re satisfaisante \u00e0 la de\u00admande de l\u2019industrie nationale. D\u2019o\u00f9 l\u2019option du gouvernement de subordonner l\u2019octroi des licences d\u2019importation desdits intrants \u00e0 l\u2019administration de la preuve, \u00e0 la diligence des entre\u00adprises demanderesses de ces licences, de l\u2019indisponibilit\u00e9 de ces intrants au plan local.<\/p>\n<p class=\"has-background has-very-light-gray-background-color c2\"><strong>&gt;&gt;Lire aussi-<\/strong> <strong><a href=\"https:\/\/ecomatin.net\/approvisionnement-en-08-mois-la-sabc-a-depense-21-milliards-f-pour-lachat-des-intrants-agricoles-locaux\/\">Approvisionnement : en 8 mois, la SABC a d\u00e9pens\u00e9 21 milliards F.CFA pour l\u2019achat des intrants agricoles locaux<\/a><\/strong><\/p>\n<p><strong>La piste des intrants locaux<\/strong><\/p>\n<p>L\u2019utilisation des produits du ter\u00adroir est la voie sur laquelle les pouvoirs publics encouragent les entreprises. Les Brasseries du Cameroun (<strong>Sabc<\/strong>) ont d\u00e9ci\u00add\u00e9 d\u2019explorer cette piste il y a de cela 10 ans comme l\u2019a d\u00e9j\u00e0 relev\u00e9 Steve Oyono Elemva, responsable en charge des rela\u00adtions publiques dans cette entre\u00adprise. \u00abA une certaine \u00e9poque, nous \u00e9tions pratiquement \u00e0 5% tandis qu\u2019aujourd\u2019hui, l\u2019entre\u00adprise est \u00e0 60% d\u2019utilisation des intrants locaux. A titre d\u2019illus\u00adtration, nous utilisons 100% du sorgho local dans la fabrication de la bi\u00e8re \u00bb, expliquait-il il y a quelques mois.<\/p>\n<p>Pour sa part, <strong>Guinness Came\u00adroon<\/strong>, filiale du groupe Diageo, dit acheter chaque ann\u00e9e pour 2,5 milliards Fcfa de sorgho aux producteurs locaux. Cette entreprise brassicole envisage par ailleurs de substituer le malt au sorgho produit au Cameroun. De son c\u00f4t\u00e9, Nestl\u00e9 a d\u00e9cid\u00e9 d\u2019introduire le poivre de Penja dans les intrants du cube \u00ab Mag\u00adgi \u00bb. Alors que Camlait a pris la r\u00e9solution d\u2019ajouter des yaourts de vari\u00e9t\u00e9 faits \u00e0 base du soja produit au Cameroun.<\/p>\n<p>Apr\u00e8s une exp\u00e9rience r\u00e9ussie avec l\u2019Institut agricole pour le d\u00e9veloppement (Irad), l\u2019entre\u00adprise a d\u00e9cid\u00e9 de renoncer \u00e0 l\u2019importation du soja, principal intrant utilis\u00e9 dans la fabrica\u00adtion des produits laitiers, pour se tourner vers les producteurs locaux. \u00ab Aujourd\u2019hui, la totali\u00adt\u00e9 du soja que nous utilisons est produite localement. Par cons\u00e9\u00adquent, notre production s\u2019est accrue\u00bb, a indiqu\u00e9 <strong>Omer Nzui\u00adko<\/strong>, directeur industriel de cette entreprise. D\u2019o\u00f9 le satisf\u00e9cit du gouvernement camerounais qui esp\u00e8re ainsi r\u00e9\u00e9quilibrer sa ba\u00adlance commerciale d\u00e9ficitaire. \u00abNous voulons faire savoir aux entreprises locales principale\u00adment celles qui op\u00e8rent dans le domaine de l\u2019agroalimentaire, qu\u2019il y a des produits substituts. A titre d\u2019exemple, la farine de froment qui co\u00fbte entre 250 \u00e0 300 milliards de Fcfa d\u2019importa\u00adtions par an, peut \u00eatre substitu\u00e9e \u00e0 celle du manioc, la pomme de terre et bien d\u2019autres tubercules et c\u00e9r\u00e9ales \u00bb, expliquait il y a encore peu, le directeur g\u00e9n\u00e9ral de l\u2019Economie au Minepat cit\u00e9 plus haut.<\/p>\n<p class=\"has-background has-very-light-gray-background-color c2\"><strong>&gt;&gt;Lire aussi-<a href=\"https:\/\/ecomatin.net\/la-sodecoton-recoit-643-milliards-de-fcfa-pour-sa-campagne-2019-2020\/\">La Sodecoton re\u00e7oit 64,3 milliards de FCFA pour sa campagne 2019\/2020<\/a><\/strong><\/p>\n<p>L\u2019Office national des zones franches industrielles (<strong>Onzfi<\/strong>) encourage particuli\u00e8rement les entreprises \u00e0 s\u2019int\u00e9resser aux in\u00adtrants locaux. En le faisant, elles vont accro\u00eetre la production agricole nationale. Un appel sans doute entendu par certaines autres entreprises \u00e0 l\u2019instar de SIC Cacaos engag\u00e9e au niveau local, dans la transformation du cacao camerounais qui est par la suite export\u00e9. L\u2019implantation de Neo Industry \u00e0 Kekem, d\u00e9par\u00adtement du Haut-Nkam, r\u00e9gion de l\u2019Ouest, et d\u2019Atlantic Cocoa \u00e0 Kribi, chef- lieu du d\u00e9parte\u00adment de l\u2019Oc\u00e9an, r\u00e9gion du Sud, poursuit cette vis\u00e9e.<\/p>\n<p><strong>L\u2019offre nationale inf\u00e9rieure \u00e0 la demande<\/strong><\/p>\n<p>Toutefois, encourager les entre\u00adprises \u00e0 recourir aux solutions locales, impose donc de doper cette production int\u00e9rieure de sorte qu\u2019elle soit \u00e0 m\u00eame de r\u00e9pondre \u00e0 la demande non seulement en termes de qualit\u00e9 et de quantit\u00e9. Dans la fili\u00e8re des ol\u00e9agineux par exemple, les op\u00e9rateurs sont parfois contraints malgr\u00e9 eux, de recou\u00adrir aux importations d\u2019huile de palme pour combler le d\u00e9ficit de la production nationale qui ne leur permet pas de transfor\u00admer leurs produits. Pis encore, la cessation d\u2019activit\u00e9s d\u2019en\u00adtreprises telles que la Came\u00adroon Development corporation (<strong>CDC<\/strong>), <strong>Pamol<\/strong> et bien d\u2019autres, rend in\u00e9vitable l\u2019importation de cet intrant indispensable \u00e0 la fabrication du savon (produit de plus en plus sollicit\u00e9 par ce temps de Covid-19) ainsi qu\u2019\u00e0 l\u2019alimentation. Aucun substitut ne peut v\u00e9ritablement rempla\u00adcer cet intrant import\u00e9 principa\u00adlement de la Malaisie ou encore du Gabon voisin.<\/p>\n<p>A c\u00f4t\u00e9, les entreprises telles que \u00abPanzani\u00bb, \u00ab La Pasta \u00bb et bien d\u2019autres sp\u00e9cialis\u00e9es dans la fa\u00adbrication des p\u00e2tes alimentaires n\u2019ont pas d\u2019autres alternatives que de recourir aux importa\u00adtions de bl\u00e9, qui constitue la mati\u00e8re premi\u00e8re essentielle \u00e0 la fabrication de ces produits. Au cours d\u2019une concertation orga\u00adnis\u00e9e au premier trimestre de l\u2019ann\u00e9e en cours par le minist\u00e8re du Commerce (<strong>Mincommerce<\/strong>) \u00e0 Yaound\u00e9, les responsables de ces structures ont indiqu\u00e9 que leurs productions \u00e9taient suffisantes pour satisfaire la demande locale gr\u00e2ce au bl\u00e9 import\u00e9. Autant d\u2019indicateurs \u00e0 c\u00f4t\u00e9 des techniques agricultu\u00adrales enti\u00e8rement d\u00e9pendantes des saisons, qui poussent les entreprises \u00e0 s\u2019engager sur la voie des importations de leurs intrants en d\u00e9pit de la conjonc\u00adture (fluctuation des cours mon\u00addiaux, p\u00e9nurie de devises, crise sanitaire et bien d\u2019autres). A titre d\u2019illustration, environ 80% de la mati\u00e8re utilis\u00e9e dans la zone industrielle de Douala-Bassa serait import\u00e9e. Ce, malgr\u00e9 les r\u00e8gles d\u2019origine impos\u00e9es dans les accords commerciaux sign\u00e9s par le pays au plan bilat\u00e9ral et multilat\u00e9ral.<\/p>\n<p><strong>INTERVIEW<\/strong><\/p>\n<div class=\"wp-block-media-text alignwide has-media-on-the-right is-stacked-on-mobile\" readability=\"6.5\"><img decoding=\"async\" data-attachment-id=\"16316\" data-permalink=\"https:\/\/ecomatin.net\/gestion-des-approvisionnements-les-entreprises-se-tournent-vers-les-solutions-locales\/p-7-angeline-akoa-1-1\/\" data-orig-file=\"https:\/\/ecomatin.net\/wp-content\/uploads\/2020\/06\/P.7-Ang&#xE9;line-Akoa-1-1.jpg\" data-orig-size=\"957,960\" data-comments-opened=\"0\" data-image-meta=\"{&quot;aperture&quot;:&quot;0&quot;,&quot;credit&quot;:&quot;&quot;,&quot;camera&quot;:&quot;&quot;,&quot;caption&quot;:&quot;&quot;,&quot;created_timestamp&quot;:&quot;0&quot;,&quot;copyright&quot;:&quot;&quot;,&quot;focal_length&quot;:&quot;0&quot;,&quot;iso&quot;:&quot;0&quot;,&quot;shutter_speed&quot;:&quot;0&quot;,&quot;title&quot;:&quot;&quot;,&quot;orientation&quot;:&quot;0&quot;}\" data-image-title=\"P.7-Ang&#xE9;line-Akoa-1-1\" data-image-description=\"\" data-medium-file=\"https:\/\/ecomatin.net\/wp-content\/uploads\/2020\/06\/P.7-Ang&#xE9;line-Akoa-1-1-300x300.jpg\" data-large-file=\"https:\/\/ecomatin.net\/wp-content\/uploads\/2020\/06\/P.7-Ang&#xE9;line-Akoa-1-1.jpg\" src=\"https:\/\/ecomatin.net\/wp-content\/uploads\/2020\/06\/P.7-Ang\u00e9line-Akoa-1-1.jpg\" alt=\"\" class=\"wp-image-16316\" srcset=\"https:\/\/ecomatin.net\/wp-content\/uploads\/2020\/06\/P.7-Ang&#xE9;line-Akoa-1-1.jpg 957w, https:\/\/ecomatin.net\/wp-content\/uploads\/2020\/06\/P.7-Ang&#xE9;line-Akoa-1-1-300x300.jpg 300w, https:\/\/ecomatin.net\/wp-content\/uploads\/2020\/06\/P.7-Ang&#xE9;line-Akoa-1-1-150x150.jpg 150w, https:\/\/ecomatin.net\/wp-content\/uploads\/2020\/06\/P.7-Ang&#xE9;line-Akoa-1-1-768x770.jpg 768w\" sizes=\"(max-width: 957px) 100vw, 957px\"\/><\/p>\n<div class=\"wp-block-media-text__content\" readability=\"8\">\n<p class=\"has-background has-very-light-gray-background-color c3\"><strong>ANGELINE AKOA-Pr\u00e9sidente d\u2019une coop\u00e9rative de producteurs de manioc \u00ab Les accompagnements sont insuffisants \u00bb<\/strong><\/p>\n<\/div>\n<\/div>\n<p><strong><em>Votre coop\u00e9rative est-elle ca\u00adpable de r\u00e9pondre aux besoins des entreprises en intrants agri\u00adcoles ?<\/em><\/strong><\/p>\n<p>Nous ne pouvons pas actuelle\u00adment satisfaire une demande in\u00addustrielle, tout simplement parce que la production elle-m\u00eame, n\u2019est pas industrielle. Mais, c\u2019est dans nos projets. Nous sollici\u00adtons l\u2019appui du gouvernement et des partenaires au d\u00e9veloppe\u00adment pour pouvoir arriver \u00e0 ce niveau.<\/p>\n<p><strong><em>Certaines entreprises se plaignent du fait que les pro\u00adduits du terroir pour la plupart, ne sont pas aux normes. Que leur r\u00e9pondez-vous ?<\/em><\/strong><\/p>\n<p>Ce qu\u2019il nous faut, c\u2019est juste un accompagnement comme je l\u2019ai dit tant\u00f4t. Cela permettra aux producteurs que nous sommes de r\u00e9pondre normalement aux attentes plac\u00e9es en nous. Je di\u00adrai aussi que c\u2019est un probl\u00e8me de moyens financiers. Car, les banques ne font toujours pas confiance \u00e0 l\u2019agriculture. C\u2019est ce probl\u00e8me qui fait en sorte que les producteurs restent au niveau o\u00f9 ils sont \u00e0 l\u2019heure actuelle. Si on avait un accompagnement \u00e0 la fois au plan technique et fi\u00adnancier, je ne crois pas que nous serions incapables de r\u00e9pondre \u00e0 la demande locale. Vu que nous disposons des terres.<\/p>\n<p><strong><em>Vous \u00e9voquez l\u2019absence d\u2019ac\u00adcompagnements, pourtant il nous a \u00e9t\u00e9 rapport\u00e9 que vous en b\u00e9n\u00e9ficiez d\u00e9j\u00e0. Dans ce cas, de quels autres types d\u2019accompa\u00adgnement aviez-vous besoin ?<\/em><\/strong><\/p>\n<p class=\"has-background has-very-light-gray-background-color c2\"><strong>&gt;&gt;Lire aussi-<a href=\"https:\/\/ecomatin.net\/intrants-agricoles-comment-le-groupe-sabc-soutient-la-production-locale\/\">Intrants agricoles : comment le groupe Sabc soutient la production locale<\/a><\/strong><\/p>\n<p>Il y a aussi l\u2019accompagnement technique qui fait d\u00e9faut. C\u2019est d\u2019ailleurs n\u00e9cessaire. Au niveau de la coop\u00e9rative de producteurs dont j\u2019ai la charge, nous sommes en train de construire notre usine. Les travaux sont d\u2019ailleurs en cours d\u2019ex\u00e9cution. Nous voulons mettre sur pied une unit\u00e9 indus\u00adtrielle. Si nous avons l\u2019accom\u00adpagnement des minist\u00e8res et pas celui des techniciens, je ne pense pas que nous pouvons r\u00e9ussir. Nous avons \u00e9galement besoin d\u2019accompagnement au plan lo\u00adgistique. Car, si je prends notre cas, nous sommes en zone fores\u00adti\u00e8re. Du coup, il sera impossible de cultiver 100 hectares avec des tron\u00e7onneuses comme nous le faisons actuellement. Voil\u00e0 en gros, les difficult\u00e9s auxquelles nous sommes confront\u00e9s. Donc, pour conclure, je dirai simple\u00adment qu\u2019il y a d\u00e9j\u00e0 des appuis de l\u2019Etat. Mais, nous pensons qu\u2019il faut en faire davantage pour per\u00admettre aux producteurs de satis\u00adfaire la demande locale.<\/p>\n<div class=\"awac-wrapper awac widget posts-list-widget-11\">\n<h4 class=\"widget-title\">Le plus r\u00e9cent<\/h4>\n<\/div>\n<p>Auteur: EcoMatin<br \/>\n<a href=\"https:\/\/ecomatin.net\/gestion-des-approvisionnements-les-entreprises-se-tournent-vers-les-solutions-locales\/\">Cliquez ici pour lire l&rsquo;article depuis sa source.<\/a><\/p>\n","protected":false},"excerpt":{"rendered":"<p>La d\u00e9cision des pouvoirs publics de fermer les fronti\u00e8res nationales, le 17 mars 2020 pour limiter la propagation de la maladie \u00e0 Coronavirus (Covid-19) a oblig\u00e9 les entreprises, en par\u00adticulier celles qui op\u00e8rent dans le segment de la transformation (agroalimentaire) \u00e0 r\u00e9viser leurs strat\u00e9gies en mati\u00e8res d\u2019appro\u00advisionnements en intrants. Un coup dur d\u2019autant plus que [&hellip;]<\/p>\n","protected":false},"author":1969,"featured_media":88244,"comment_status":"closed","ping_status":"closed","sticky":false,"template":"","format":"standard","meta":{"fifu_image_url":"","fifu_image_alt":"","footnotes":""},"categories":[82,78],"tags":[],"class_list":["post-88243","post","type-post","status-publish","format-standard","has-post-thumbnail","hentry","category-cameroun","category-economie"],"_links":{"self":[{"href":"https:\/\/linitiative.ca\/International\/wp-json\/wp\/v2\/posts\/88243","targetHints":{"allow":["GET"]}}],"collection":[{"href":"https:\/\/linitiative.ca\/International\/wp-json\/wp\/v2\/posts"}],"about":[{"href":"https:\/\/linitiative.ca\/International\/wp-json\/wp\/v2\/types\/post"}],"author":[{"embeddable":true,"href":"https:\/\/linitiative.ca\/International\/wp-json\/wp\/v2\/users\/1969"}],"replies":[{"embeddable":true,"href":"https:\/\/linitiative.ca\/International\/wp-json\/wp\/v2\/comments?post=88243"}],"version-history":[{"count":0,"href":"https:\/\/linitiative.ca\/International\/wp-json\/wp\/v2\/posts\/88243\/revisions"}],"wp:featuredmedia":[{"embeddable":true,"href":"https:\/\/linitiative.ca\/International\/wp-json\/"}],"wp:attachment":[{"href":"https:\/\/linitiative.ca\/International\/wp-json\/wp\/v2\/media?parent=88243"}],"wp:term":[{"taxonomy":"category","embeddable":true,"href":"https:\/\/linitiative.ca\/International\/wp-json\/wp\/v2\/categories?post=88243"},{"taxonomy":"post_tag","embeddable":true,"href":"https:\/\/linitiative.ca\/International\/wp-json\/wp\/v2\/tags?post=88243"}],"curies":[{"name":"wp","href":"https:\/\/api.w.org\/{rel}","templated":true}]}}