{"id":88245,"date":"2020-06-07T09:41:27","date_gmt":"2020-06-07T13:41:27","guid":{"rendered":"https:\/\/linitiative.ca\/International\/covid-19-7-milliards-de-pertes-pour-le-secteur-avicole\/"},"modified":"2020-06-07T09:41:27","modified_gmt":"2020-06-07T13:41:27","slug":"covid-19-7-milliards-de-pertes-pour-le-secteur-avicole","status":"publish","type":"post","link":"https:\/\/linitiative.ca\/International\/covid-19-7-milliards-de-pertes-pour-le-secteur-avicole\/","title":{"rendered":"Covid-19 : 7 milliards de pertes pour le secteur avicole"},"content":{"rendered":"<p>Le secteur avicole est de nouveau aux abois, apr\u00e8s la grippe aviaire de 2016. Du fait de la pand\u00e9mie de corona virus, cette activit\u00e9 a replonge peu \u00e0 peu dans un profond marasme. Une \u00e9tude men\u00e9e par l\u2019Inter\u00adprofession avicole du Came\u00adroun (<strong>Ipavic<\/strong>) pendant 30 jours dans les bassins des r\u00e9gions de l\u2019Ouest et du Nord-ouest d\u00e9voile l\u2019ampleur des pertes enregistr\u00e9es dans le secteur. Il ressort de cette \u00e9tude, que des pertes g\u00e9n\u00e9rales de plus de 7 milliards de fcfa ont \u00e9t\u00e9 enre\u00adgistr\u00e9es dans les sous-secteurs des <strong>\u00e9leveurs, importateurs avi\u00adcoles<\/strong>, accouveurs ou vendeurs de poulets de chair et produits d\u00e9riv\u00e9s de <strong>l\u2019aviculture<\/strong>. L\u2019In\u00adterprofession pointe un doigt accusateur sur les mesures de restrictions impos\u00e9es par le gouvernement depuis le 17 mars 2020.<\/p>\n<p class=\"has-background has-very-light-gray-background-color c2\"><strong>&gt;&gt;Lire aussi-<a href=\"https:\/\/ecomatin.net\/45-programmes-agropoles-crees-au-cours-des-cinq-dernieres-annees-au-cameroun\/\">Agriculture: o\u00f9 en est-on des programmes agropoles?<\/a><\/strong><\/p>\n<p>Dans cette \u00e9tude, les accouveurs d\u00e9clarent avoir perdu 1 milliard et pr\u00e8s de 9.000.000 de fcfa \u00ables accou\u00adveurs ont arr\u00eat\u00e9 d\u2019importer du fait de l\u2019arr\u00eat du trafic a\u00e9rien, la restriction des mouvements et la chute drastique de la de\u00admande de poussins\u00bb, explique L\u00e9opold Kamga, le pr\u00e9sident de l\u2019Ipavic Ouest et Nord- Ouest. Les pertes enregistr\u00e9es chez les importateurs d\u2019oeufs sont \u00e9galement li\u00e9es \u00e0 l\u2019obli\u00adgation d\u2019\u00e9touffer les poussins cons\u00e9cutivement aux restric\u00adtions de la crise du Covid-19.<\/p>\n<p>Les statistiques r\u00e9cemment rendues publiques par l\u2019Inter\u00adprofession ont \u00e9t\u00e9 effectu\u00e9es en partenariat avec le Minist\u00e8re de l\u2019\u00e9levage, des p\u00eaches et des industries animales (<strong>Minepia<\/strong>), le Ministre de l\u2019\u00e9conomie, du plan et de l\u2019am\u00e9nagement du territoire (Minepat), et le Minist\u00e8re de l\u2019emploi et de la formation professionnelle (Minefop). Les \u00e9leveurs de poulets de chair sont \u00e9galement frapp\u00e9s de plein fouet par les restrictions gouvernementales. \u00ab Le prix de poulet de 45 jours est pass\u00e9 de 2.300 \u00e0 1.500 fcfa, en un mois\u00bb souligne Fran\u00e7ois Djonou, le pr\u00e9sident de l\u2019Inter\u00adprofession avicole du Came\u00adroun. Avec 2.748.000 poulets vendus chaque mois, l\u2019Ipavic indique des pertes de l\u2019ordre de 2 milliards de F CFA au cours du premier mois d\u2019appli\u00adcation des restrictions du 17 mars 2020.<\/p>\n<p class=\"has-background has-very-light-gray-background-color c2\"><strong>&gt;&gt;Lire aussi-<a href=\"https:\/\/ecomatin.net\/45-programmes-agropoles-crees-au-cours-des-cinq-dernieres-annees-au-cameroun\/\">Agriculture: o\u00f9 en est-on des programmes agropoles?<\/a><\/strong><\/p>\n<p>Rappelons que le d\u00e9compte effectu\u00e9 par l\u2019Inter\u00adprofession avicole de l\u2019ouest et du nord-ouest exclut les ac\u00adteurs avicoles non-membres de l\u2019Interprofession. Dans le sous-secteur des \u00e9leveurs de poules pondeuses d\u2019oeufs de consom\u00admation de l\u2019ouest et du nord-ouest, les pertes atteignent 850 millions de F CFA, au cours du mois de restrictions li\u00e9es \u00e0 la lutte contre le Covid-19. \u00abLe prix de <strong>l\u2019alv\u00e9ole d\u2019oeufs<\/strong> a chu\u00adt\u00e9. Il est pass\u00e9 de 1.500 \u00e0 1.200 fcfa en moyenne au cours du premier mois de restrictions. \u00abLa fili\u00e8re se meurt\u00bb, explique <strong>L\u00e9opold Kamga<\/strong>. La situation n\u2019est gu\u00e8re reluisante chez les importateurs de \u00abpremix\u00bb et de concentr\u00e9s, les distributeurs de produits v\u00e9t\u00e9rinaires, les trans\u00adporteurs et les distributeurs de produits avicoles etc.<\/p>\n<p class=\"has-background has-very-light-gray-background-color c2\"><strong>&gt;&gt;Lire aussi-<a href=\"https:\/\/ecomatin.net\/aviculture-le-poulet-toujours-menace-par-des-importations-de-congeles\/\">Aviculture : le poulet toujours menac\u00e9 par des importations de congel\u00e9s<\/a><\/strong><\/p>\n<div class=\"awac-wrapper awac widget posts-list-widget-11\">\n<h4 class=\"widget-title\">Le plus r\u00e9cent<\/h4>\n<\/div>\n<p>Auteur: EcoMatin<br \/>\n<a href=\"https:\/\/ecomatin.net\/covid-19-7-milliards-de-pertes-pour-le-secteur-avicole\/\">Cliquez ici pour lire l&rsquo;article depuis sa source.<\/a><\/p>\n","protected":false},"excerpt":{"rendered":"<p>Le secteur avicole est de nouveau aux abois, apr\u00e8s la grippe aviaire de 2016. Du fait de la pand\u00e9mie de corona virus, cette activit\u00e9 a replonge peu \u00e0 peu dans un profond marasme. Une \u00e9tude men\u00e9e par l\u2019Inter\u00adprofession avicole du Came\u00adroun (Ipavic) pendant 30 jours dans les bassins des r\u00e9gions de l\u2019Ouest et du Nord-ouest [&hellip;]<\/p>\n","protected":false},"author":1969,"featured_media":0,"comment_status":"closed","ping_status":"closed","sticky":false,"template":"","format":"standard","meta":{"fifu_image_url":"","fifu_image_alt":"","footnotes":""},"categories":[82,78],"tags":[],"class_list":["post-88245","post","type-post","status-publish","format-standard","hentry","category-cameroun","category-economie"],"_links":{"self":[{"href":"https:\/\/linitiative.ca\/International\/wp-json\/wp\/v2\/posts\/88245","targetHints":{"allow":["GET"]}}],"collection":[{"href":"https:\/\/linitiative.ca\/International\/wp-json\/wp\/v2\/posts"}],"about":[{"href":"https:\/\/linitiative.ca\/International\/wp-json\/wp\/v2\/types\/post"}],"author":[{"embeddable":true,"href":"https:\/\/linitiative.ca\/International\/wp-json\/wp\/v2\/users\/1969"}],"replies":[{"embeddable":true,"href":"https:\/\/linitiative.ca\/International\/wp-json\/wp\/v2\/comments?post=88245"}],"version-history":[{"count":0,"href":"https:\/\/linitiative.ca\/International\/wp-json\/wp\/v2\/posts\/88245\/revisions"}],"wp:attachment":[{"href":"https:\/\/linitiative.ca\/International\/wp-json\/wp\/v2\/media?parent=88245"}],"wp:term":[{"taxonomy":"category","embeddable":true,"href":"https:\/\/linitiative.ca\/International\/wp-json\/wp\/v2\/categories?post=88245"},{"taxonomy":"post_tag","embeddable":true,"href":"https:\/\/linitiative.ca\/International\/wp-json\/wp\/v2\/tags?post=88245"}],"curies":[{"name":"wp","href":"https:\/\/api.w.org\/{rel}","templated":true}]}}