{"id":88247,"date":"2020-06-08T10:10:13","date_gmt":"2020-06-08T14:10:13","guid":{"rendered":"https:\/\/linitiative.ca\/International\/kenitra-cinq-individus-arretes-pour-amenagement-dune-maison-close-et-echange-de-violence\/"},"modified":"2020-06-08T10:10:13","modified_gmt":"2020-06-08T14:10:13","slug":"kenitra-cinq-individus-arretes-pour-amenagement-dune-maison-close-et-echange-de-violence","status":"publish","type":"post","link":"https:\/\/linitiative.ca\/International\/kenitra-cinq-individus-arretes-pour-amenagement-dune-maison-close-et-echange-de-violence\/","title":{"rendered":"K\u00e9nitra : Cinq individus arr\u00eat\u00e9s  pour am\u00e9nagement d\u2019une maison close et \u00e9change de violence"},"content":{"rendered":"<header>\n<\/header>\n<div class=\"entry-content clearfix\" readability=\"55\"><img decoding=\"async\" class=\"post_layout_5_img\" src=\"http:\/\/aujourdhui.ma\/wp-content\/uploads\/2019\/04\/arrestation-femme.jpg\" alt=\"K&#xE9;nitra : Cinq individus arr&#xEA;t&#xE9;s pour am&#xE9;nagement d&#x2019;une maison close et &#xE9;change de violence\"\/><\/p>\n<p><span class=\"c5\"><strong>Les \u00e9l\u00e9ments de la police relevant de la pr\u00e9fecture de la s\u00fbret\u00e9 nationale de K\u00e9nitra ont interpell\u00e9, dimanche soir, cinq individus \u00e2g\u00e9s entre 22 et 28 ans, dont deux fr\u00e8res et deux filles, pour leur implication pr\u00e9sum\u00e9e dans la violation de l\u2019\u00e9tat d\u2019urgence sanitaire, am\u00e9nagement d\u2019une maison close, \u00e9change de violence et r\u00e9sistance aux agents de la force publique.<\/strong><\/span><br \/><span class=\"c6\"><span id=\"more-346979\"\/><\/span><\/p>\n<p>Les services de s\u00e9curit\u00e9 avaient re\u00e7u un avis concernant un diff\u00e9rend opposant les cinq arr\u00eat\u00e9s, soup\u00e7onn\u00e9s d\u2019implication dans l\u2019am\u00e9nagement d\u2019une maison close, \u00e0 un groupe de r\u00e9sidents du quartier \u00abAfka\u00bb \u00e0 K\u00e9nitra, qui s\u2019est transform\u00e9 en un \u00e9change de violence et de jets de pierres sur la voie publique, indique dans un communiqu\u00e9 la Direction g\u00e9n\u00e9rale de la s\u00fbret\u00e9 nationale (DGSN), avant que l\u2019intervention imm\u00e9diate des patrouilles de police ne permette l\u2019interpellation des suspects impliqu\u00e9s dans ce diff\u00e9rend.<\/p>\n<p>Lors de cette intervention s\u00e9curitaire, un brigadier-chef de police a \u00e9t\u00e9 accidentellement victime de contusions et a \u00e9t\u00e9 transf\u00e9r\u00e9 \u00e0 l\u2019h\u00f4pital afin de recevoir les soins n\u00e9cessaires.<\/p>\n<\/div>\n<p>Auteur: ALM<br \/>\n<a href=\"https:\/\/aujourdhui.ma\/faits-divers\/kenitra-cinq-individus-arretes-pour-amenagement-dune-maison-close-et-echange-de-violence\">Cliquez ici pour lire l&rsquo;article depuis sa source.<\/a><\/p>\n","protected":false},"excerpt":{"rendered":"<p>Les \u00e9l\u00e9ments de la police relevant de la pr\u00e9fecture de la s\u00fbret\u00e9 nationale de K\u00e9nitra ont interpell\u00e9, dimanche soir, cinq individus \u00e2g\u00e9s entre 22 et 28 ans, dont deux fr\u00e8res et deux filles, pour leur implication pr\u00e9sum\u00e9e dans la violation de l\u2019\u00e9tat d\u2019urgence sanitaire, am\u00e9nagement d\u2019une maison close, \u00e9change de violence et r\u00e9sistance aux agents [&hellip;]<\/p>\n","protected":false},"author":1759,"featured_media":88248,"comment_status":"closed","ping_status":"closed","sticky":false,"template":"","format":"standard","meta":{"fifu_image_url":"","fifu_image_alt":"","footnotes":""},"categories":[73,54],"tags":[],"class_list":["post-88247","post","type-post","status-publish","format-standard","has-post-thumbnail","hentry","category-actualite","category-maroc"],"_links":{"self":[{"href":"https:\/\/linitiative.ca\/International\/wp-json\/wp\/v2\/posts\/88247","targetHints":{"allow":["GET"]}}],"collection":[{"href":"https:\/\/linitiative.ca\/International\/wp-json\/wp\/v2\/posts"}],"about":[{"href":"https:\/\/linitiative.ca\/International\/wp-json\/wp\/v2\/types\/post"}],"author":[{"embeddable":true,"href":"https:\/\/linitiative.ca\/International\/wp-json\/wp\/v2\/users\/1759"}],"replies":[{"embeddable":true,"href":"https:\/\/linitiative.ca\/International\/wp-json\/wp\/v2\/comments?post=88247"}],"version-history":[{"count":0,"href":"https:\/\/linitiative.ca\/International\/wp-json\/wp\/v2\/posts\/88247\/revisions"}],"wp:featuredmedia":[{"embeddable":true,"href":"https:\/\/linitiative.ca\/International\/wp-json\/"}],"wp:attachment":[{"href":"https:\/\/linitiative.ca\/International\/wp-json\/wp\/v2\/media?parent=88247"}],"wp:term":[{"taxonomy":"category","embeddable":true,"href":"https:\/\/linitiative.ca\/International\/wp-json\/wp\/v2\/categories?post=88247"},{"taxonomy":"post_tag","embeddable":true,"href":"https:\/\/linitiative.ca\/International\/wp-json\/wp\/v2\/tags?post=88247"}],"curies":[{"name":"wp","href":"https:\/\/api.w.org\/{rel}","templated":true}]}}