{"id":88249,"date":"2020-06-08T10:28:56","date_gmt":"2020-06-08T14:28:56","guid":{"rendered":"https:\/\/linitiative.ca\/International\/affaire-de-rades-les-deliberations-sont-en-cours\/"},"modified":"2020-06-08T10:28:56","modified_gmt":"2020-06-08T14:28:56","slug":"affaire-de-rades-les-deliberations-sont-en-cours","status":"publish","type":"post","link":"https:\/\/linitiative.ca\/International\/affaire-de-rades-les-deliberations-sont-en-cours\/","title":{"rendered":"Affaire de Rad\u00e8s : Les d\u00e9lib\u00e9rations sont en cours"},"content":{"rendered":"<header>\n<div class=\"entry-post-meta\">\n<div class=\"author-link\">Publi\u00e9 par <a itemprop=\"author\" itemscope=\"\" itemtype=\"https:\/\/schema.org\/Person\" href=\"https:\/\/aujourdhui.ma\/author\/kaid\" rel=\"author\"><span itemprop=\"name\">ALM<\/span><\/a><\/div>\n<p>Date\u00a0:<time content=\"2020-06-08T15:28:56+01:00\" class=\"entry-date updated\" datetime=\"2020-06-08T15:28:56+01:00\">juin 08, 2020<\/time><\/p>\n<div class=\"entry-cat\">dans:<a href=\"https:\/\/aujourdhui.ma\/category\/sports\" rel=\"category tag\">Sports<\/a><\/div>\n<\/div>\n<\/header>\n<div class=\"entry-content clearfix\" readability=\"47\"><img decoding=\"async\" class=\"post_layout_5_img\" src=\"http:\/\/aujourdhui.ma\/wp-content\/uploads\/2020\/05\/Esp\u00e9rance-ST-Wydad-Casablanca.jpg\" alt=\"Affaire de Rad&#xE8;s : Les d&#xE9;lib&#xE9;rations sont en cours\"\/><\/p>\n<p><span class=\"c5\"><strong>Vendredi 29 mai, le TAS a tenu une audience par visioconf\u00e9rence, au cours de laquelle le Wydad, l\u2019Esp\u00e9rance Sportive de Tunis et la CAF ont \u00e9t\u00e9 entendus. Cependant, aucune d\u00e9cision n\u2019a encore \u00e9t\u00e9 prononc\u00e9e.<\/strong><\/span><br \/><span class=\"c6\"><span id=\"more-346990\"\/><\/span><\/p>\n<p>Contact\u00e9e par ALM, la charg\u00e9e de communication du Tribunal arbitral du sport (TAS) Katy Hogg nous a r\u00e9v\u00e9l\u00e9 que la formation arbitrale est actuellement en train de d\u00e9lib\u00e9rer et de r\u00e9diger la d\u00e9cision finale (sentence arbitrale), mais cette op\u00e9ration prendra quelques semaines.<\/p>\n<p>Le public wydadi en particulier et marocain en g\u00e9n\u00e9ral devra prendre son mal en patience encore quelques jours avant de d\u00e9couvrir le jugement final.<\/p>\n<\/div>\n<p>Auteur: ALM<br \/>\n<a href=\"https:\/\/aujourdhui.ma\/sports\/affaire-de-rades-les-deliberations-sont-en-cours\">Cliquez ici pour lire l&rsquo;article depuis sa source.<\/a><\/p>\n","protected":false},"excerpt":{"rendered":"<p>Publi\u00e9 par ALM Date\u00a0:juin 08, 2020 dans:Sports Vendredi 29 mai, le TAS a tenu une audience par visioconf\u00e9rence, au cours de laquelle le Wydad, l\u2019Esp\u00e9rance Sportive de Tunis et la CAF ont \u00e9t\u00e9 entendus. Cependant, aucune d\u00e9cision n\u2019a encore \u00e9t\u00e9 prononc\u00e9e. Contact\u00e9e par ALM, la charg\u00e9e de communication du Tribunal arbitral du sport (TAS) Katy [&hellip;]<\/p>\n","protected":false},"author":1759,"featured_media":88250,"comment_status":"closed","ping_status":"closed","sticky":false,"template":"","format":"standard","meta":{"fifu_image_url":"","fifu_image_alt":"","footnotes":""},"categories":[73,54],"tags":[],"class_list":["post-88249","post","type-post","status-publish","format-standard","has-post-thumbnail","hentry","category-actualite","category-maroc"],"_links":{"self":[{"href":"https:\/\/linitiative.ca\/International\/wp-json\/wp\/v2\/posts\/88249","targetHints":{"allow":["GET"]}}],"collection":[{"href":"https:\/\/linitiative.ca\/International\/wp-json\/wp\/v2\/posts"}],"about":[{"href":"https:\/\/linitiative.ca\/International\/wp-json\/wp\/v2\/types\/post"}],"author":[{"embeddable":true,"href":"https:\/\/linitiative.ca\/International\/wp-json\/wp\/v2\/users\/1759"}],"replies":[{"embeddable":true,"href":"https:\/\/linitiative.ca\/International\/wp-json\/wp\/v2\/comments?post=88249"}],"version-history":[{"count":0,"href":"https:\/\/linitiative.ca\/International\/wp-json\/wp\/v2\/posts\/88249\/revisions"}],"wp:featuredmedia":[{"embeddable":true,"href":"https:\/\/linitiative.ca\/International\/wp-json\/"}],"wp:attachment":[{"href":"https:\/\/linitiative.ca\/International\/wp-json\/wp\/v2\/media?parent=88249"}],"wp:term":[{"taxonomy":"category","embeddable":true,"href":"https:\/\/linitiative.ca\/International\/wp-json\/wp\/v2\/categories?post=88249"},{"taxonomy":"post_tag","embeddable":true,"href":"https:\/\/linitiative.ca\/International\/wp-json\/wp\/v2\/tags?post=88249"}],"curies":[{"name":"wp","href":"https:\/\/api.w.org\/{rel}","templated":true}]}}