{"id":88255,"date":"2020-06-08T11:02:36","date_gmt":"2020-06-08T15:02:36","guid":{"rendered":"https:\/\/linitiative.ca\/International\/tempete-de-grele-environ-9-100-hectares-affectes-au-niveau-de-fes-meknes\/"},"modified":"2020-06-08T11:02:36","modified_gmt":"2020-06-08T15:02:36","slug":"tempete-de-grele-environ-9-100-hectares-affectes-au-niveau-de-fes-meknes","status":"publish","type":"post","link":"https:\/\/linitiative.ca\/International\/tempete-de-grele-environ-9-100-hectares-affectes-au-niveau-de-fes-meknes\/","title":{"rendered":"Temp\u00eate de gr\u00eale : Environ 9.100 hectares affect\u00e9s  au niveau de F\u00e8s-Mekn\u00e8s"},"content":{"rendered":"<p><img decoding=\"async\" class=\"post_layout_5_img\" src=\"http:\/\/aujourdhui.ma\/wp-content\/uploads\/2020\/06\/Tempe\u0302te-de-gre\u0302le.jpg\" alt=\"Temp&#xEA;te de gr&#xEA;le : Environ 9.100 hectares affect&#xE9;s au niveau de F&#xE8;s-Mekn&#xE8;s\"\/><\/p>\n<p><span class=\"c6\"><strong><span class=\"c5\">La plupart des cultures touch\u00e9es par la gr\u00eale samedi soir b\u00e9n\u00e9ficient du programme d\u2019assurance multirisques climatiques des cultures que le minist\u00e8re a mis en place pour soutenir les agriculteurs et pris en charge par la MAMDA.<\/span><\/strong><\/span><span id=\"more-346998\"\/><\/p>\n<p>La temp\u00eate de gr\u00eale ayant frapp\u00e9, samedi soir, la r\u00e9gion F\u00e8s-Mekn\u00e8s a eu de lourdes cons\u00e9quences sur les terrains agricoles. Plusieurs cultures et certaines infrastructures agricoles ont \u00e9t\u00e9 affect\u00e9es sur l\u2019ensemble des provinces de la r\u00e9gion \u00e0 l\u2019exception de la province de Taounate.<\/p>\n<p>La superficie touch\u00e9e avoisinerait 9.100 hectares. C\u2019est ce qu\u2019estime la direction de l\u2019agriculture \u00e0 ce propos. La tutelle recense \u00e0 cet effet une vingtaine de communes rurales touch\u00e9es. Elles sont localis\u00e9es particuli\u00e8rement dans les provinces de Mekn\u00e8s, Sefrou, Ifrane, El Hajeb, F\u00e8s, Moulay Yacoub, Taza et Boulemane. \u00abLes d\u00e9g\u00e2ts survenus suite \u00e0 cette temp\u00eate concernent les arbres fruitiers (les rosac\u00e9es et l\u2019olivier), les cultures mara\u00eech\u00e8res et c\u00e9r\u00e9ali\u00e8res. Des d\u00e9g\u00e2ts allant de 20 \u00e0 80% ont \u00e9t\u00e9 enregistr\u00e9s selon la culture et la province\u00bb, peut-on lire dans la derni\u00e8re communication du minist\u00e8re de l\u2019agriculture, de la p\u00eache maritime, du d\u00e9veloppement rural et des eaux et for\u00eats. Et de pr\u00e9ciser que \u00abla plupart des cultures touch\u00e9es par la gr\u00eale samedi soir b\u00e9n\u00e9ficient du programme d\u2019assurance multirisques climatiques des cultures que le minist\u00e8re a mis en place pour soutenir les agriculteurs et pris en charge par la Mutuelle agricole marocaine d\u2019assurances (MAMDA)\u00bb.<\/p>\n<p>A cet effet, le minist\u00e8re appelle les agriculteurs ayant pr\u00e9alablement souscrit \u00e0 cette assurance aupr\u00e8s de la MAMDA \u00e0 faire des d\u00e9clarations individuelles sur les dommages et \u00e0 les d\u00e9poser aupr\u00e8s des directions provinciales de l\u2019agriculture, et ce dans un d\u00e9lai ne d\u00e9passant pas 5 jours tel que stipul\u00e9 par la proc\u00e9dure. La tutelle indique par ailleurs que les d\u00e9g\u00e2ts sont minimes dans les exploitations \u00e9quip\u00e9es en filets anti-gr\u00eale ou situ\u00e9es dans les zones \u00e9quip\u00e9es de g\u00e9n\u00e9rateurs anti-gr\u00eale. En effet, la r\u00e9gion de F\u00e8s-Mekn\u00e8s compte 6.260 hectares \u00e9quip\u00e9s en filets anti-gr\u00eale subventionn\u00e9s par le Fonds de d\u00e9veloppement agricole, pour une enveloppe de 310 millions de dirhams, et 68 g\u00e9n\u00e9rateurs anti-gr\u00eale, g\u00e9r\u00e9s avec efficacit\u00e9 et efficience par la F\u00e9d\u00e9ration nationale des utilisateurs des g\u00e9n\u00e9rateurs anti-gr\u00eale.<\/p>\n<p>Il est \u00e0 noter qu\u2019une commission sp\u00e9cialis\u00e9e multipartite proc\u00e8dera \u00e0 l\u2019examen des donn\u00e9es disponibles et prendra en cons\u00e9quence les mesures qui s\u2019imposent. Rappelons qu\u2019imm\u00e9diatement apr\u00e8s la temp\u00eate, des comit\u00e9s provinciaux compos\u00e9s des services du minist\u00e8re de l\u2019agriculture, de la p\u00eache maritime, du d\u00e9veloppement rural et des eaux et for\u00eats et de repr\u00e9sentants de la Chambre r\u00e9gionale d\u2019agriculture de F\u00e8s-Mekn\u00e8s, ainsi que des repr\u00e9sentants de la F\u00e9d\u00e9ration interprofessionnelle marocaine de l\u2019olive (Interprolive) et de la F\u00e9d\u00e9ration interprofessionnelle de la fili\u00e8re de l\u2019arboriculture fruiti\u00e8re au Maroc (FEDAM), se sont rendus sur le terrain pour examiner la situation et identifier les impacts potentiels sur les diff\u00e9rentes cultures. Ces intervenants restent mobilis\u00e9s pour assurer le suivi et l\u2019\u00e9valuation des impacts caus\u00e9s par cette catastrophe naturelle et la pr\u00e9paration d\u2019un rapport d\u00e9taill\u00e9 sur le sujet.<\/p>\n<p>Auteur: Kawtar Tali<br \/>\n<a href=\"https:\/\/aujourdhui.ma\/economie\/tempete-de-grele-environ-9-100-hectares-affectes-au-niveau-de-fes-meknes\">Cliquez ici pour lire l&rsquo;article depuis sa source.<\/a><\/p>\n","protected":false},"excerpt":{"rendered":"<p>La plupart des cultures touch\u00e9es par la gr\u00eale samedi soir b\u00e9n\u00e9ficient du programme d\u2019assurance multirisques climatiques des cultures que le minist\u00e8re a mis en place pour soutenir les agriculteurs et pris en charge par la MAMDA. La temp\u00eate de gr\u00eale ayant frapp\u00e9, samedi soir, la r\u00e9gion F\u00e8s-Mekn\u00e8s a eu de lourdes cons\u00e9quences sur les terrains [&hellip;]<\/p>\n","protected":false},"author":1759,"featured_media":88256,"comment_status":"closed","ping_status":"closed","sticky":false,"template":"","format":"standard","meta":{"fifu_image_url":"","fifu_image_alt":"","footnotes":""},"categories":[73,54],"tags":[],"class_list":["post-88255","post","type-post","status-publish","format-standard","has-post-thumbnail","hentry","category-actualite","category-maroc"],"_links":{"self":[{"href":"https:\/\/linitiative.ca\/International\/wp-json\/wp\/v2\/posts\/88255","targetHints":{"allow":["GET"]}}],"collection":[{"href":"https:\/\/linitiative.ca\/International\/wp-json\/wp\/v2\/posts"}],"about":[{"href":"https:\/\/linitiative.ca\/International\/wp-json\/wp\/v2\/types\/post"}],"author":[{"embeddable":true,"href":"https:\/\/linitiative.ca\/International\/wp-json\/wp\/v2\/users\/1759"}],"replies":[{"embeddable":true,"href":"https:\/\/linitiative.ca\/International\/wp-json\/wp\/v2\/comments?post=88255"}],"version-history":[{"count":0,"href":"https:\/\/linitiative.ca\/International\/wp-json\/wp\/v2\/posts\/88255\/revisions"}],"wp:featuredmedia":[{"embeddable":true,"href":"https:\/\/linitiative.ca\/International\/wp-json\/"}],"wp:attachment":[{"href":"https:\/\/linitiative.ca\/International\/wp-json\/wp\/v2\/media?parent=88255"}],"wp:term":[{"taxonomy":"category","embeddable":true,"href":"https:\/\/linitiative.ca\/International\/wp-json\/wp\/v2\/categories?post=88255"},{"taxonomy":"post_tag","embeddable":true,"href":"https:\/\/linitiative.ca\/International\/wp-json\/wp\/v2\/tags?post=88255"}],"curies":[{"name":"wp","href":"https:\/\/api.w.org\/{rel}","templated":true}]}}