{"id":88259,"date":"2020-06-08T10:58:13","date_gmt":"2020-06-08T14:58:13","guid":{"rendered":"https:\/\/linitiative.ca\/International\/une-reflexion-profonde-pour-le-nouveau-modele-du-maroc\/"},"modified":"2020-06-08T10:58:13","modified_gmt":"2020-06-08T14:58:13","slug":"une-reflexion-profonde-pour-le-nouveau-modele-du-maroc","status":"publish","type":"post","link":"https:\/\/linitiative.ca\/International\/une-reflexion-profonde-pour-le-nouveau-modele-du-maroc\/","title":{"rendered":"Une r\u00e9flexion profonde pour le nouveau mod\u00e8le du Maroc"},"content":{"rendered":"<p class=\"has-text-color c2\"><strong>Maroc : de quoi avons-nous peur? par Abdelhak Najib et Noureddine Bousfiha<\/strong><\/p>\n<p class=\"has-text-color c3\">Par Dr. Hynd Bouhia*<\/p>\n<p>Les Editions Orion ont publi\u00e9 durant le confinement un travail collectif unique finalis\u00e9 au bon moment sur le Maroc d\u2019aujourd\u2019hui et le Maroc de demain.\u00a0 Cet ouvrage multidisciplinaire r\u00e9pond \u00e0 la question que l\u2019on se pose tous -petits et grands- \u00abDe quoi avons-nous peur?\u00bb, en analysant tous les angles du prisme de cette peur.<\/p>\n<p>C\u2019est un livre qui regroupe l\u2019intelligentsia Marocaine et \u00e9trang\u00e8re, pour se pencher sur les diff\u00e9rentes facettes qui restent \u00e0 d\u00e9velopper, \u00e0 promouvoir, \u00e0 construire, \u00e0 renforcer et \u00e0 am\u00e9liorer. Avec un esprit visionnaire et positif, tous les auteurs mettent en relief les diff\u00e9rents secteurs, allant de la soci\u00e9t\u00e9, la politique, l\u2019\u00e9conomie, l\u2019\u00e9ducation, la sant\u00e9, l\u2019environnement, le renforcement de la femme, la culture, l\u2019art, le sport, jusqu\u2019au positionnement du Maroc comme plateforme pour l\u2019Afrique et l\u2019ouverture internationale.<\/p>\n<p>Chaque auteur s\u2019est pos\u00e9 plusieurs questions autour des peurs qu\u2019il ou qu\u2019elle ressent pour notre pays bien aim\u00e9, en tant que sp\u00e9cialiste, scientifique, analyste, sociologue, \u00e9conomiste, \u00e9crivain, journaliste, artiste, et leader d\u2019opinions.\u00a0 Avec \u00e9loquence, v\u00e9rit\u00e9, et un style direct, nous avons tous, en tant qu\u2019auteurs, repens\u00e9 \u00e0 un nouveau mod\u00e8le pour le Maroc du 21\u00e8me si\u00e8cle qui l\u2019int\u00e8gre dans un monde global lui-m\u00eame en pleine mutation et en r\u00e9flexion profonde.<\/p>\n<p>En effet, le livre sort \u00e0 un moment o\u00f9 le monde entier est en pause, un arr\u00eat sur image d\u00e9clench\u00e9 par le Covid-19.\u00a0 Aussi, tous les pays ont saisi l\u2019occasion pour pr\u00e9parer leur rebond en revisitant les m\u00e9canismes financiers, les mod\u00e8les \u00e9conomiques, l\u2019inclusion sociale et mettre en place des strat\u00e9gies de d\u00e9veloppement socio-\u00e9conomique durable et \u00e9quitable. La mobilisation est d\u2019autant plus urgente \u00e0 cause de la vuln\u00e9rabilit\u00e9 qui s\u2019exacerbe avec la crise sanitaire \u00e0 travers tous les continents.\u00a0 Le Coronavirus fait basculer plus de 1,5 milliards de personnes dans la pr\u00e9carit\u00e9.\u00a0 En Afrique seulement, les Nations Unies estiment que ce chiffre pourrait atteindre 500 millions de personnes sous la barre de la pauvret\u00e9.<\/p>\n<p>En se focalisant sur le Maroc, le livre porte un message important pour la mise en place d\u2019une strat\u00e9gie nationale adapt\u00e9e \u00e0 la soci\u00e9t\u00e9 Marocaine d\u2019aujourd\u2019hui, et d\u2019un socle in\u00e9branlable pour un futur meilleur.\u00a0 La soci\u00e9t\u00e9 Marocaine s\u2019est bel et bien m\u00e9tamorphos\u00e9e par le modernisme, la digitalisation, l\u2019ouverture. Un changement arriv\u00e9 beaucoup trop rapidement, fragilisant ainsi les fondamentaux, les valeurs, le civisme, la coh\u00e9sion, la solidarit\u00e9, le partage, et la compassion.\u00a0 Entrainant une grande peur par rapport au futur qui nous attend et qui attend nos enfants.<\/p>\n<p>Sa Majest\u00e9 le Roi Mohammed VI, que dieu l\u2019assiste, a donn\u00e9 Ses Hautes directives pour penser un nouveau mod\u00e8le de d\u00e9veloppement pour le Maroc.\u00a0 Pour cela, le 13 d\u00e9cembre 2019, une Commission a \u00e9t\u00e9 nomm\u00e9 pour livrer un rapport sur ce nouveau mod\u00e8le, qui arrivera \u00e0 un moment particuli\u00e8rement exceptionnel et opportun.\u00a0 En effet, la crise du coronavirus a confirm\u00e9 l\u2019importance de la mise \u00e0 niveau des secteurs vitaux de la sant\u00e9 et de l\u2019\u00e9ducation, les positionnant en premi\u00e8re priorit\u00e9.\u00a0 De plus, l\u2019arr\u00eat brutal de l\u2019\u00e9conomie a affect\u00e9 plusieurs emplois, plusieurs familles, plusieurs entreprises, laissant tous les Marocains face aux m\u00eames questions pos\u00e9es dans le livre.<\/p>\n<p>Donc plus de pression, puisque l\u2019espoir de tous les Marocaine est aujourd\u2019hui mis\u00e9 sur ce nouveau mod\u00e8le.\u00a0 Un mod\u00e8le qui devrait englober l\u2019\u00e9quilibre macro\u00e9conomique, la stabilit\u00e9 financi\u00e8re, le rebond \u00e9conomique, le bien \u00eatre social, la cr\u00e9ation d\u2019emploi, l\u2019\u00e9ducation am\u00e9lior\u00e9e pour tous, l\u2019acc\u00e8s \u00e0 un syst\u00e8me de sant\u00e9 performant, l\u2019industrie, la transition technologique et digitale, l\u2019investissement, la culture et le sport pour tous, la protection de l\u2019environnement,\u00a0 et surtout l\u2019\u00e9quit\u00e9, la solidarit\u00e9, les valeurs, et l\u2019inclusion \u00e0 travers toutes les r\u00e9gions du Maroc.<\/p>\n<p>Sous la direction de Abdelhak Najib et Noureddine Bousfiha et avec tous les auteurs du livres\u2014Jean-Marie Heydt, Fouzi Skalli, Khalil Hachimi Idrissi, Kebir Mustapha Ammi, Jean-fran\u00e7ois Cl\u00e9ment, Fahd Yata, Ouadih Dada, Lahcen Haddad,\u00a0 Mohamed Mouftakir, Mustapha Guiliz, Jamal Antar, Mohammed Chouika, Yousra Tarik, Mohamed Nyaim, Mamoun Lahbabi, Dr. Imane Kendili, Abdelha\u00ef Sadiq, Rachida Belkacem, Rebel Spirit, Aziz Bouderbala, Said Chakri, Zainab Fasiki, Mohammed Cherfaoui, Abdelhai Maraki, Soumaya Aka\u00e2boune, Mustapha El Haddaoui, Abderrahmane Ouardane, Habib Mazini, Ahmed Bouchikhi, Karim Serraj, Jean Zaganiaris, Sahraoui Faquihi, Maria Guessous, Mohamed Amine, Fouad Souiba, Khalid Ouqezza, Omar Berrada, Meriem Khalil, Abdellah Ba\u00efda, Moulay Seddik Rabbaj, Nadoui Challoui,\u2028El Mehdi Elkourti, Karim Saidi, Souad Makkaoui, Ayoub El Aiassi, Samia Tawil, Najib Bensbia, Hynd Bouhia, Jaafar Heikel, Mae Najib, Naji Benaji ; nous projettent vers ce Maroc de demain.<\/p>\n<p>Tous ces \u00e9crits repr\u00e9sentent une contribution r\u00e9elle, positive et r\u00e9fl\u00e9chie vers la conceptualisation d\u2019un nouveau mod\u00e8le socio-\u00e9conomique moderne, agile, adapt\u00e9, solidaire, \u00e9quitable, coh\u00e9sif et durable.\u00a0 Le livre est une grande r\u00e9f\u00e9rence sur la r\u00e9alit\u00e9 constructive de notre beau pays ! Un bijou de livre sign\u00e9 \u00abVive le Maroc !\u00bb \u00e0 lire et \u00e0 offrir.<\/p>\n<p class=\"c4\">*Sp\u00e9cialiste international de l\u2019intelligence \u00e9conomique<\/p>\n<p class=\"c4\">et Professeur du d\u00e9veloppement durable<\/p>\n<p>Auteur: M&rsquo;hammed rahal<br \/>\n<a href=\"http:\/\/albayane.press.ma\/une-reflexion-profonde-pour-le-nouveau-modele-du-maroc.html\">Cliquez ici pour lire l&rsquo;article depuis sa source.<\/a><\/p>\n","protected":false},"excerpt":{"rendered":"<p>Maroc : de quoi avons-nous peur? par Abdelhak Najib et Noureddine Bousfiha Par Dr. Hynd Bouhia* Les Editions Orion ont publi\u00e9 durant le confinement un travail collectif unique finalis\u00e9 au bon moment sur le Maroc d\u2019aujourd\u2019hui et le Maroc de demain.\u00a0 Cet ouvrage multidisciplinaire r\u00e9pond \u00e0 la question que l\u2019on se pose tous -petits et [&hellip;]<\/p>\n","protected":false},"author":1760,"featured_media":0,"comment_status":"closed","ping_status":"closed","sticky":false,"template":"","format":"standard","meta":{"fifu_image_url":"","fifu_image_alt":"","footnotes":""},"categories":[73,54],"tags":[],"class_list":["post-88259","post","type-post","status-publish","format-standard","hentry","category-actualite","category-maroc"],"_links":{"self":[{"href":"https:\/\/linitiative.ca\/International\/wp-json\/wp\/v2\/posts\/88259","targetHints":{"allow":["GET"]}}],"collection":[{"href":"https:\/\/linitiative.ca\/International\/wp-json\/wp\/v2\/posts"}],"about":[{"href":"https:\/\/linitiative.ca\/International\/wp-json\/wp\/v2\/types\/post"}],"author":[{"embeddable":true,"href":"https:\/\/linitiative.ca\/International\/wp-json\/wp\/v2\/users\/1760"}],"replies":[{"embeddable":true,"href":"https:\/\/linitiative.ca\/International\/wp-json\/wp\/v2\/comments?post=88259"}],"version-history":[{"count":0,"href":"https:\/\/linitiative.ca\/International\/wp-json\/wp\/v2\/posts\/88259\/revisions"}],"wp:attachment":[{"href":"https:\/\/linitiative.ca\/International\/wp-json\/wp\/v2\/media?parent=88259"}],"wp:term":[{"taxonomy":"category","embeddable":true,"href":"https:\/\/linitiative.ca\/International\/wp-json\/wp\/v2\/categories?post=88259"},{"taxonomy":"post_tag","embeddable":true,"href":"https:\/\/linitiative.ca\/International\/wp-json\/wp\/v2\/tags?post=88259"}],"curies":[{"name":"wp","href":"https:\/\/api.w.org\/{rel}","templated":true}]}}