{"id":88262,"date":"2020-06-08T07:36:46","date_gmt":"2020-06-08T11:36:46","guid":{"rendered":"https:\/\/linitiative.ca\/International\/bourse-de-tunis-cotation-selon-lhoraire-dhiver\/"},"modified":"2020-06-08T07:36:46","modified_gmt":"2020-06-08T11:36:46","slug":"bourse-de-tunis-cotation-selon-lhoraire-dhiver","status":"publish","type":"post","link":"https:\/\/linitiative.ca\/International\/bourse-de-tunis-cotation-selon-lhoraire-dhiver\/","title":{"rendered":"Bourse de Tunis :  Cotation selon l\u2019horaire d\u2019hiver"},"content":{"rendered":"<p>Bourse de Tunis a annonc\u00e9 que la cotation se fera, \u00e0 compter de la s\u00e9ance du lundi 8 juin 2020, selon l\u2019horaire de cotation d\u2019hiver, soit la pr\u00e9ouverture \u00e0 8h30 et les n\u00e9gociations seront men\u00e9es \u00e0 partir de 9h00 jusqu\u2019\u00e0 14h00.<\/p>\n<p>La BVMT a rappel\u00e9 que les transactions de bloc seront d\u00e9clar\u00e9es et r\u00e9alis\u00e9es \u00e0 l\u2019issue de la cl\u00f4ture de la s\u00e9ance de n\u00e9gociation entre 14h10 et 14h30, et que la n\u00e9gociation sur panneaux se fera entre 10h00 et 10h15, et la cri\u00e9e se fera chaque vendredi \u00e0 partir de 10h00.<\/p>\n<p>Ce changement d\u2019horaires intervient suite \u00e0 la mesure prise par le chef du gouvernement, samedi, relative \u00e0 la reprise du r\u00e9gime horaire de la double-s\u00e9ance, \u00e0 partir de ce lundi<\/p>\n<div class=\"wp-post-author-wrap wp-post-author-shortcode left\">\n<h3 class=\"awpa-title\"\/>\n<div class=\"wp-post-author\">\n<div class=\"awpa-img awpa-author-block square\"><a href=\"http:\/\/lexpertjournal.net\/fr\/?author=5\"><img loading=\"lazy\" decoding=\"async\" alt=\"\" src=\"http:\/\/0.gravatar.com\/avatar\/97f8e10a1c1125ba104a76514ee07b16?s=150&amp;d=mm&amp;r=g\" srcset=\"http:\/\/0.gravatar.com\/avatar\/97f8e10a1c1125ba104a76514ee07b16?s=300&amp;d=mm&amp;r=g 2x\" class=\"avatar avatar-150 photo\" height=\"150\" width=\"150\"\/><\/a><\/div>\n<\/div>\n<\/div>\n<aside class=\"mashsb-container mashsb-main mashsb-stretched\">\n<\/aside>\n<p>Auteur: L&rsquo;expert<br \/>\n<a href=\"http:\/\/lexpertjournal.net\/fr\/?p=15138\">Cliquez ici pour lire l&rsquo;article depuis sa source.<\/a><\/p>\n","protected":false},"excerpt":{"rendered":"<p>Bourse de Tunis a annonc\u00e9 que la cotation se fera, \u00e0 compter de la s\u00e9ance du lundi 8 juin 2020, selon l\u2019horaire de cotation d\u2019hiver, soit la pr\u00e9ouverture \u00e0 8h30 et les n\u00e9gociations seront men\u00e9es \u00e0 partir de 9h00 jusqu\u2019\u00e0 14h00. La BVMT a rappel\u00e9 que les transactions de bloc seront d\u00e9clar\u00e9es et r\u00e9alis\u00e9es \u00e0 [&hellip;]<\/p>\n","protected":false},"author":1775,"featured_media":0,"comment_status":"closed","ping_status":"closed","sticky":false,"template":"","format":"standard","meta":{"fifu_image_url":"","fifu_image_alt":"","footnotes":""},"categories":[78,55],"tags":[],"class_list":["post-88262","post","type-post","status-publish","format-standard","hentry","category-economie","category-tunisie"],"_links":{"self":[{"href":"https:\/\/linitiative.ca\/International\/wp-json\/wp\/v2\/posts\/88262","targetHints":{"allow":["GET"]}}],"collection":[{"href":"https:\/\/linitiative.ca\/International\/wp-json\/wp\/v2\/posts"}],"about":[{"href":"https:\/\/linitiative.ca\/International\/wp-json\/wp\/v2\/types\/post"}],"author":[{"embeddable":true,"href":"https:\/\/linitiative.ca\/International\/wp-json\/wp\/v2\/users\/1775"}],"replies":[{"embeddable":true,"href":"https:\/\/linitiative.ca\/International\/wp-json\/wp\/v2\/comments?post=88262"}],"version-history":[{"count":0,"href":"https:\/\/linitiative.ca\/International\/wp-json\/wp\/v2\/posts\/88262\/revisions"}],"wp:attachment":[{"href":"https:\/\/linitiative.ca\/International\/wp-json\/wp\/v2\/media?parent=88262"}],"wp:term":[{"taxonomy":"category","embeddable":true,"href":"https:\/\/linitiative.ca\/International\/wp-json\/wp\/v2\/categories?post=88262"},{"taxonomy":"post_tag","embeddable":true,"href":"https:\/\/linitiative.ca\/International\/wp-json\/wp\/v2\/tags?post=88262"}],"curies":[{"name":"wp","href":"https:\/\/api.w.org\/{rel}","templated":true}]}}