{"id":88264,"date":"2020-06-08T07:48:10","date_gmt":"2020-06-08T11:48:10","guid":{"rendered":"https:\/\/linitiative.ca\/International\/artisanat-serie-de-rencontres-pour-resoudre-les-problemes-du-secteur\/"},"modified":"2020-06-08T07:48:10","modified_gmt":"2020-06-08T11:48:10","slug":"artisanat-serie-de-rencontres-pour-resoudre-les-problemes-du-secteur","status":"publish","type":"post","link":"https:\/\/linitiative.ca\/International\/artisanat-serie-de-rencontres-pour-resoudre-les-problemes-du-secteur\/","title":{"rendered":"Artisanat :  S\u00e9rie de rencontres pour r\u00e9soudre les probl\u00e8mes du secteur"},"content":{"rendered":"<p>Le Minist\u00e8re du Tourisme et de l\u2019Artisanat et la F\u00e9d\u00e9ration nationale de l\u2019artisanat (FNA) ont convenu d\u2019organiser une s\u00e9rie de r\u00e9unions sectorielles pour examiner les probl\u00e8mes du secteur, sachant que les professionnels r\u00e9clament l\u2019acc\u00e9l\u00e9ration de la mise en \u0153uvre du plan national de d\u00e9veloppement de l\u2019artisanat.<\/p>\n<p>Le ministre du Tourisme et de l\u2019Artisanat Mohamed Ali Toumi a fait savoir au cours d\u2019une r\u00e9union, vendredi, avec les membres du Bureau Ex\u00e9cutif de la FNA, que son d\u00e9partement apportera l\u2019accompagnement n\u00e9cessaire aux artisans notamment les petits d\u2019entre eux.<\/p>\n<p>Et d\u2019ajouter que le minist\u00e8re ouvrera \u00e0 garantir la durabilit\u00e9 du secteur vu que certains m\u00e9tiers sont menac\u00e9s de disparition, outre son d\u00e9veloppement et la modernisation de la formation professionnelle, a-t-on appris d\u2019un communiqu\u00e9 de l\u2019Union Tunisienne de l\u2019Industrie, du Commerce et de l\u2019Artisanat (UTICA), publi\u00e9 samedi.<\/p>\n<p>Toumi a mis l\u2019accent sur la n\u00e9cessit\u00e9 d\u2019adopter les nouvelles technologies dans la promotion des industries et produits artisanaux et de faire participer les artisans aux foires nationales, r\u00e9gionales et internationales.<\/p>\n<p>De son c\u00f4t\u00e9, le pr\u00e9sident de la F\u00e9d\u00e9ration nationale de l\u2019artisanat Salah Amamou a appel\u00e9 \u00e0 acc\u00e9l\u00e9rer la mise en \u0153uvre des d\u00e9cisions du Conseil minist\u00e9riel restreint du 15 f\u00e9vrier 2016.<\/p>\n<p>Ce conseil a appel\u00e9 \u00e0 la mise en place d\u2019une structure pour l\u2019approvisionnement en mati\u00e8res premi\u00e8res et la commercialisation des produits du secteur dans le cadre d\u2019un partenariat public-priv\u00e9 et la cr\u00e9ation d\u2019un syst\u00e8me de formation professionnelle propre au secteur de l\u2019artisanat sous la tutelle de l\u2019office national de l\u2019artisanat (ONA).<\/p>\n<p>Il s\u2019agit \u00e9galement de la transformation du centre technique du tapis et du tissage en une agence disposant des comp\u00e9tences n\u00e9cessaires pour fournir la mati\u00e8re premi\u00e8re et commercialiser le produit du secteur du tissage et du tapis.<\/p>\n<p>Il convient de rappeler que Toumi avait annonc\u00e9, le 20 mai 2020, la mise en place d\u2019une ligne de cr\u00e9dit de 500 Millions de Dinars au profit des \u00e9tablissements h\u00f4teliers et la cr\u00e9ation d\u2019une ligne de financement de 300 MD pour soutenir les soci\u00e9t\u00e9s op\u00e9rant dans le secteur touristique.<\/p>\n<p>Il s\u2019agit de consacrer 50MD au profit des agences de voyages et 10 MD \u00e0 la disposition du secteur de l\u2019artisanat pour fournir la liquidit\u00e9 aux artisans en leur permettant de payer les salaires au cours de la p\u00e9riode mars 2020- mars 2021.<\/p>\n<div class=\"wp-post-author-wrap wp-post-author-shortcode left\">\n<h3 class=\"awpa-title\"\/>\n<div class=\"wp-post-author\">\n<div class=\"awpa-img awpa-author-block square\"><a href=\"http:\/\/lexpertjournal.net\/fr\/?author=5\"><img loading=\"lazy\" decoding=\"async\" alt=\"\" src=\"http:\/\/0.gravatar.com\/avatar\/97f8e10a1c1125ba104a76514ee07b16?s=150&amp;d=mm&amp;r=g\" srcset=\"http:\/\/0.gravatar.com\/avatar\/97f8e10a1c1125ba104a76514ee07b16?s=300&amp;d=mm&amp;r=g 2x\" class=\"avatar avatar-150 photo\" height=\"150\" width=\"150\"\/><\/a><\/div>\n<\/div>\n<\/div>\n<aside class=\"mashsb-container mashsb-main mashsb-stretched\">\n<\/aside>\n<p>Auteur: L&rsquo;expert<br \/>\n<a href=\"http:\/\/lexpertjournal.net\/fr\/?p=15144\">Cliquez ici pour lire l&rsquo;article depuis sa source.<\/a><\/p>\n","protected":false},"excerpt":{"rendered":"<p>Le Minist\u00e8re du Tourisme et de l\u2019Artisanat et la F\u00e9d\u00e9ration nationale de l\u2019artisanat (FNA) ont convenu d\u2019organiser une s\u00e9rie de r\u00e9unions sectorielles pour examiner les probl\u00e8mes du secteur, sachant que les professionnels r\u00e9clament l\u2019acc\u00e9l\u00e9ration de la mise en \u0153uvre du plan national de d\u00e9veloppement de l\u2019artisanat. Le ministre du Tourisme et de l\u2019Artisanat Mohamed Ali [&hellip;]<\/p>\n","protected":false},"author":1775,"featured_media":0,"comment_status":"closed","ping_status":"closed","sticky":false,"template":"","format":"standard","meta":{"fifu_image_url":"","fifu_image_alt":"","footnotes":""},"categories":[78,55],"tags":[],"class_list":["post-88264","post","type-post","status-publish","format-standard","hentry","category-economie","category-tunisie"],"_links":{"self":[{"href":"https:\/\/linitiative.ca\/International\/wp-json\/wp\/v2\/posts\/88264","targetHints":{"allow":["GET"]}}],"collection":[{"href":"https:\/\/linitiative.ca\/International\/wp-json\/wp\/v2\/posts"}],"about":[{"href":"https:\/\/linitiative.ca\/International\/wp-json\/wp\/v2\/types\/post"}],"author":[{"embeddable":true,"href":"https:\/\/linitiative.ca\/International\/wp-json\/wp\/v2\/users\/1775"}],"replies":[{"embeddable":true,"href":"https:\/\/linitiative.ca\/International\/wp-json\/wp\/v2\/comments?post=88264"}],"version-history":[{"count":0,"href":"https:\/\/linitiative.ca\/International\/wp-json\/wp\/v2\/posts\/88264\/revisions"}],"wp:attachment":[{"href":"https:\/\/linitiative.ca\/International\/wp-json\/wp\/v2\/media?parent=88264"}],"wp:term":[{"taxonomy":"category","embeddable":true,"href":"https:\/\/linitiative.ca\/International\/wp-json\/wp\/v2\/categories?post=88264"},{"taxonomy":"post_tag","embeddable":true,"href":"https:\/\/linitiative.ca\/International\/wp-json\/wp\/v2\/tags?post=88264"}],"curies":[{"name":"wp","href":"https:\/\/api.w.org\/{rel}","templated":true}]}}