{"id":88265,"date":"2020-06-08T07:51:00","date_gmt":"2020-06-08T11:51:00","guid":{"rendered":"https:\/\/linitiative.ca\/International\/tests-de-diagnostics-rapides-sur-19-mille-etudiants-testes-30-seulement-ont-developpe-des-anticorps\/"},"modified":"2020-06-08T07:51:00","modified_gmt":"2020-06-08T11:51:00","slug":"tests-de-diagnostics-rapides-sur-19-mille-etudiants-testes-30-seulement-ont-developpe-des-anticorps","status":"publish","type":"post","link":"https:\/\/linitiative.ca\/International\/tests-de-diagnostics-rapides-sur-19-mille-etudiants-testes-30-seulement-ont-developpe-des-anticorps\/","title":{"rendered":"Tests de diagnostics rapides :  Sur 19 mille \u00e9tudiants test\u00e9s, 30 seulement ont d\u00e9velopp\u00e9 des anticorps"},"content":{"rendered":"<p>\u00ab Les tests de diagnostic rapide effectu\u00e9s sur plus de 19 mille \u00e9tudiants avant la reprise des cours ont r\u00e9v\u00e9l\u00e9 que 30 personnes seulement ont d\u00e9velopp\u00e9 des anticorps \u00ab , a soulign\u00e9 lundi Nissaf Ben Alaya, directrice de l\u2019observatoire national des maladies nouvelles et \u00e9mergentes.<\/p>\n<p>Dans une d\u00e9claration \u00e0 l\u2019agence TAP, Ben Alaya a signal\u00e9 que les tests effectu\u00e9s sur les \u00e9tudiants qui ont d\u00e9velopp\u00e9 des anticorps (1.5 pour 100 mille habitants) ont tous \u00e9t\u00e9 n\u00e9gatifs.<\/p>\n<p>Selon elle, ces \u00e9tudiants auraient fr\u00e9quent\u00e9 des personnes atteintes de la COVID-19 et ont pu d\u00e9velopper des anticorps sans \u00eatre contamin\u00e9s.<\/p>\n<p>A noter que les cours ont repris dans les facult\u00e9s de m\u00e9decine, de m\u00e9decine dentaire et de pharmacie le 1er juin 2020 et reprendront progressivement dans les autres universit\u00e9s \u00e0 partir de ce lundi 08 juin 2020.<\/p>\n<div class=\"wp-post-author-wrap wp-post-author-shortcode left\">\n<h3 class=\"awpa-title\"\/>\n<div class=\"wp-post-author\">\n<div class=\"awpa-img awpa-author-block square\"><a href=\"http:\/\/lexpertjournal.net\/fr\/?author=5\"><img loading=\"lazy\" decoding=\"async\" alt=\"\" src=\"http:\/\/0.gravatar.com\/avatar\/97f8e10a1c1125ba104a76514ee07b16?s=150&amp;d=mm&amp;r=g\" srcset=\"http:\/\/0.gravatar.com\/avatar\/97f8e10a1c1125ba104a76514ee07b16?s=300&amp;d=mm&amp;r=g 2x\" class=\"avatar avatar-150 photo\" height=\"150\" width=\"150\"\/><\/a><\/div>\n<\/div>\n<\/div>\n<aside class=\"mashsb-container mashsb-main mashsb-stretched\">\n<\/aside>\n<p>Auteur: L&rsquo;expert<br \/>\n<a href=\"http:\/\/lexpertjournal.net\/fr\/?p=15147\">Cliquez ici pour lire l&rsquo;article depuis sa source.<\/a><\/p>\n","protected":false},"excerpt":{"rendered":"<p>\u00ab Les tests de diagnostic rapide effectu\u00e9s sur plus de 19 mille \u00e9tudiants avant la reprise des cours ont r\u00e9v\u00e9l\u00e9 que 30 personnes seulement ont d\u00e9velopp\u00e9 des anticorps \u00ab , a soulign\u00e9 lundi Nissaf Ben Alaya, directrice de l\u2019observatoire national des maladies nouvelles et \u00e9mergentes. Dans une d\u00e9claration \u00e0 l\u2019agence TAP, Ben Alaya a signal\u00e9 [&hellip;]<\/p>\n","protected":false},"author":1775,"featured_media":0,"comment_status":"closed","ping_status":"closed","sticky":false,"template":"","format":"standard","meta":{"fifu_image_url":"","fifu_image_alt":"","footnotes":""},"categories":[78,55],"tags":[],"class_list":["post-88265","post","type-post","status-publish","format-standard","hentry","category-economie","category-tunisie"],"_links":{"self":[{"href":"https:\/\/linitiative.ca\/International\/wp-json\/wp\/v2\/posts\/88265","targetHints":{"allow":["GET"]}}],"collection":[{"href":"https:\/\/linitiative.ca\/International\/wp-json\/wp\/v2\/posts"}],"about":[{"href":"https:\/\/linitiative.ca\/International\/wp-json\/wp\/v2\/types\/post"}],"author":[{"embeddable":true,"href":"https:\/\/linitiative.ca\/International\/wp-json\/wp\/v2\/users\/1775"}],"replies":[{"embeddable":true,"href":"https:\/\/linitiative.ca\/International\/wp-json\/wp\/v2\/comments?post=88265"}],"version-history":[{"count":0,"href":"https:\/\/linitiative.ca\/International\/wp-json\/wp\/v2\/posts\/88265\/revisions"}],"wp:attachment":[{"href":"https:\/\/linitiative.ca\/International\/wp-json\/wp\/v2\/media?parent=88265"}],"wp:term":[{"taxonomy":"category","embeddable":true,"href":"https:\/\/linitiative.ca\/International\/wp-json\/wp\/v2\/categories?post=88265"},{"taxonomy":"post_tag","embeddable":true,"href":"https:\/\/linitiative.ca\/International\/wp-json\/wp\/v2\/tags?post=88265"}],"curies":[{"name":"wp","href":"https:\/\/api.w.org\/{rel}","templated":true}]}}