{"id":88266,"date":"2020-06-08T07:53:16","date_gmt":"2020-06-08T11:53:16","guid":{"rendered":"https:\/\/linitiative.ca\/International\/traitement-des-dechets-dangereux-le-centre-de-jradou-bientot-en-service\/"},"modified":"2020-06-08T07:53:16","modified_gmt":"2020-06-08T11:53:16","slug":"traitement-des-dechets-dangereux-le-centre-de-jradou-bientot-en-service","status":"publish","type":"post","link":"https:\/\/linitiative.ca\/International\/traitement-des-dechets-dangereux-le-centre-de-jradou-bientot-en-service\/","title":{"rendered":"Traitement des d\u00e9chets dangereux :  Le centre de Jradou bient\u00f4t en service"},"content":{"rendered":"<p>Le minist\u00e8re de l\u2019Environnement vient d\u2019annoncer, le 5 juin courant, la r\u00e9ouverture, dans les mois \u00e0 venir, du centre de gestion des d\u00e9chets industriels et sp\u00e9ciaux de Jradou \u00e0 Zaghouan, apr\u00e8s presque 10 ans de fermeture.<\/p>\n<p>Cette d\u00e9cision, qui figure parmi des dizaines d\u2019autres annonc\u00e9es \u00e0 l\u2019occasion de la c\u00e9l\u00e9bration de la Journ\u00e9e nationale et internationale de l\u2019Environnement, pourrait \u00eatre une aubaine pour l\u2019environnement en Tunisie, dans cette conjoncture marqu\u00e9e par l\u2019\u00e9pid\u00e9mie du Covid-19 et les inqui\u00e9tudes concernant la prolif\u00e9ration des d\u00e9chets dangereux.<\/p>\n<p>Cet unique centre sp\u00e9cialis\u00e9 en Tunisie, a \u00e9t\u00e9 ferm\u00e9 depuis le 28 f\u00e9vrier 2011, suite aux sit-in organis\u00e9s par les riverains, qui craignaient des effets n\u00e9fastes de l\u2019\u00e9tablissement sur leur sant\u00e9 et sur la nappe phr\u00e9atique et les sols dans les zones avoisinantes.<\/p>\n<p>Le centre, le premier du genre en Tunisie et en Afrique, est con\u00e7u gr\u00e2ce \u00e0 une technologie fiable. Dot\u00e9 de trois installations de r\u00e9ception, de stockage et de transfert pour les r\u00e9gions Nord, Centre et Sud du pays, il sert \u00e0 l\u2019\u00e9limination des d\u00e9chets industriels et sp\u00e9ciaux qui proviennent de l\u2019industrie tunisienne et vise \u00e0 r\u00e9duire les risques pour la sant\u00e9 de la population dus aux d\u00e9versements anarchiques des d\u00e9chets industriels dans la nature.<\/p>\n<p>Le minist\u00e8re des Affaires locales et de l\u2019Environnement avait annonc\u00e9, auparavant la r\u00e9ouverture du centre, \u00e0 la faveur d\u2019une d\u00e9cision de justice qui a ordonn\u00e9 des travaux de r\u00e9habilitation.<\/p>\n<p>En Tunisie, l\u2019industrie produit des d\u00e9chets dangereux estim\u00e9s \u00e0 150 mille tonnes par an, dont 19 mille proviennent de l\u2019utilisation des produits chimiques. Pour m\u00e9moire, les riverains du centre de Jradou avaient port\u00e9 plainte contre l\u2019ANGED, autorit\u00e9 de tutelle, le 22 juin 2011. L\u2019activit\u00e9 du centre avait \u00e9t\u00e9 arr\u00eat\u00e9e en vertu d\u2019un verdict prononc\u00e9, le 19 mars 2013, par le Tribunal de premi\u00e8re instance de Zaghouan, qui a ordonn\u00e9 sa fermeture, jusqu\u2019\u00e0 sa restructuration.<\/p>\n<div class=\"wp-post-author-wrap wp-post-author-shortcode left\">\n<h3 class=\"awpa-title\"\/>\n<div class=\"wp-post-author\">\n<div class=\"awpa-img awpa-author-block square\"><a href=\"http:\/\/lexpertjournal.net\/fr\/?author=5\"><img loading=\"lazy\" decoding=\"async\" alt=\"\" src=\"http:\/\/0.gravatar.com\/avatar\/97f8e10a1c1125ba104a76514ee07b16?s=150&amp;d=mm&amp;r=g\" srcset=\"http:\/\/0.gravatar.com\/avatar\/97f8e10a1c1125ba104a76514ee07b16?s=300&amp;d=mm&amp;r=g 2x\" class=\"avatar avatar-150 photo\" height=\"150\" width=\"150\"\/><\/a><\/div>\n<\/div>\n<\/div>\n<aside class=\"mashsb-container mashsb-main mashsb-stretched\">\n<\/aside>\n<p>Auteur: L&rsquo;expert<br \/>\n<a href=\"http:\/\/lexpertjournal.net\/fr\/?p=15150\">Cliquez ici pour lire l&rsquo;article depuis sa source.<\/a><\/p>\n","protected":false},"excerpt":{"rendered":"<p>Le minist\u00e8re de l\u2019Environnement vient d\u2019annoncer, le 5 juin courant, la r\u00e9ouverture, dans les mois \u00e0 venir, du centre de gestion des d\u00e9chets industriels et sp\u00e9ciaux de Jradou \u00e0 Zaghouan, apr\u00e8s presque 10 ans de fermeture. Cette d\u00e9cision, qui figure parmi des dizaines d\u2019autres annonc\u00e9es \u00e0 l\u2019occasion de la c\u00e9l\u00e9bration de la Journ\u00e9e nationale et [&hellip;]<\/p>\n","protected":false},"author":1775,"featured_media":0,"comment_status":"closed","ping_status":"closed","sticky":false,"template":"","format":"standard","meta":{"fifu_image_url":"","fifu_image_alt":"","footnotes":""},"categories":[78,55],"tags":[],"class_list":["post-88266","post","type-post","status-publish","format-standard","hentry","category-economie","category-tunisie"],"_links":{"self":[{"href":"https:\/\/linitiative.ca\/International\/wp-json\/wp\/v2\/posts\/88266","targetHints":{"allow":["GET"]}}],"collection":[{"href":"https:\/\/linitiative.ca\/International\/wp-json\/wp\/v2\/posts"}],"about":[{"href":"https:\/\/linitiative.ca\/International\/wp-json\/wp\/v2\/types\/post"}],"author":[{"embeddable":true,"href":"https:\/\/linitiative.ca\/International\/wp-json\/wp\/v2\/users\/1775"}],"replies":[{"embeddable":true,"href":"https:\/\/linitiative.ca\/International\/wp-json\/wp\/v2\/comments?post=88266"}],"version-history":[{"count":0,"href":"https:\/\/linitiative.ca\/International\/wp-json\/wp\/v2\/posts\/88266\/revisions"}],"wp:attachment":[{"href":"https:\/\/linitiative.ca\/International\/wp-json\/wp\/v2\/media?parent=88266"}],"wp:term":[{"taxonomy":"category","embeddable":true,"href":"https:\/\/linitiative.ca\/International\/wp-json\/wp\/v2\/categories?post=88266"},{"taxonomy":"post_tag","embeddable":true,"href":"https:\/\/linitiative.ca\/International\/wp-json\/wp\/v2\/tags?post=88266"}],"curies":[{"name":"wp","href":"https:\/\/api.w.org\/{rel}","templated":true}]}}