{"id":88268,"date":"2020-06-08T13:03:20","date_gmt":"2020-06-08T17:03:20","guid":{"rendered":"https:\/\/linitiative.ca\/International\/bechar-hommage-a-brahim-berrezoug-un-doyen-de-la-musique-diwane-dans-le-pays\/"},"modified":"2020-06-08T13:03:20","modified_gmt":"2020-06-08T17:03:20","slug":"bechar-hommage-a-brahim-berrezoug-un-doyen-de-la-musique-diwane-dans-le-pays","status":"publish","type":"post","link":"https:\/\/linitiative.ca\/International\/bechar-hommage-a-brahim-berrezoug-un-doyen-de-la-musique-diwane-dans-le-pays\/","title":{"rendered":"Bechar: hommage \u00e0 Brahim Berrezoug, un doyen de la musique Diwane dans le pays"},"content":{"rendered":"<div readability=\"36\">\n<p><strong>BECHAR \u00a0&#8211; Un hommage a \u00e9t\u00e9 rendu par la Direction de la Culture de Bechar \u00e0 Brahim Berrezoug (87 ans), l\u2019un des doyens de la musique Diwane en Alg\u00e9rie, \u00e0 l\u2019occasion de la journ\u00e9e nationale de l\u2019artiste.<\/strong><\/p>\n<\/div>\n<div readability=\"88.90250084488\">\n<p>L\u2019artiste a consacr\u00e9 plus de 70 ans de sa vie \u00e0 la cons\u00e9cration, la promotion et le d\u00e9veloppement de ce patrimoine musical et chor\u00e9graphique, a-t-on soulign\u00e9.<\/p>\n<p>Les pr\u00e9sents \u00e0 cet hommage, dont le secr\u00e9taire g\u00e9n\u00e9ral de la wilaya, Mohamed Makhbi, et le premier responsable local du secteur de la culture ainsi que des journalistes et des membres d&rsquo;associations locales de la musique Diwane, ont manifest\u00e9 leur reconnaissance \u00e0 cette grande figure de la musique et de la chor\u00e9graphie Diwane, qui a contribu\u00e9 activement \u00e0 la formation de plusieurs g\u00e9n\u00e9rations de musiciens et d\u2019adeptes de ce legs culturel ancestral, \u00e0 Bechar et dans d\u2019autres r\u00e9gions du pays, selon les t\u00e9moignages de membres de groupes de Diwane \u00e0 Bechar.<\/p>\n<p>\u00ab\u00a0C\u2019est \u00e0 l\u2019\u00e2ge de 13 ans que j\u2019ai rejoint le monde sacr\u00e9 et profane du Diwane, par amour \u00e0 cette pratique culturelle, musicale et chor\u00e9graphique dont nous avons h\u00e9rit\u00e9 les c\u00e9r\u00e9monies religieuses et musicales de nos anc\u00eatres\u00a0\u00bb,\u00a0 a-t-il d\u00e9clar\u00e9 \u00e0 cette occasion.<\/p>\n<hr\/>\n<h3>Lire aussi:\u00a0<a href=\"http:\/\/www.aps.dz\/culture\/75842-le-festival-diwane-espace-ou-l-art-et-la-culture-diwane-sont-toujours-revivifies\" target=\"_blank\" rel=\"noopener noreferrer\">Le festival Diwane, espace ou l\u2019art et la culture Diwane sont toujours revivifi\u00e9s<\/a><\/h3>\n<hr\/>\n<p>\u00ab\u00a0La pratique du Diwane, durant la p\u00e9riode coloniale, nous a permis, moi et mes Maalems (ma\u00eetres), dont le d\u00e9funt Maalem Majdoub, de p\u00e9renniser un pan de la culture populaire de notre pays, longtemps confin\u00e9 dans ses pratiques sacr\u00e9es tant \u00e0 Bechar qu\u2019a travers les diff\u00e9rentes r\u00e9gions du pays\u00a0\u00bb, a-t-il soulign\u00e9.<\/p>\n<blockquote readability=\"12\">\n<p><em><strong>\u00ab\u00a0La cr\u00e9ation de festivals nationaux et internationaux d\u00e9di\u00e9s \u00e0 cette musique, \u00e0 Bechar et \u00e0 Alger, nous a permis de la faire conna\u00eetre davantage aux diff\u00e9rents publics et je suis tr\u00e8s satisfait de voir \u00e0 travers ces festivals le nombre croissant de jeunes qui s\u2019adonnent \u00e0 cette musique et chor\u00e9graphie \u00e0 travers l\u2019ensemble du pays, ce qui prouve leur attachement \u00e0 leur patrimoine culturel national\u00a0\u00bb, souligne Brahim Berrezoug qui malgr\u00e9 l\u2019\u00e2ge continue de prendre part aux c\u00e9r\u00e9monies sacr\u00e9es du Diwane \u00e0 Bechar et ailleurs dans le pays.<\/strong><\/em><\/p>\n<\/blockquote>\n<p>\u00ab\u00a0Le Mokkadem (statut le plus \u00e9lev\u00e9 dans la confr\u00e9rie des adeptes du Diwane) Brahim reste notre r\u00e9f\u00e9rence en mati\u00e8re de connaissance de la musique et Bradj (Chants) du Diwane, et c\u2019est gr\u00e2ce \u00e0 lui que nous avons appris les rudiments du Diwane\u00a0\u00bb, a indiqu\u00e9, pour sa part, Abdelmajid Zenani, pr\u00e9sident de l\u2019association culturelle locale \u00ab\u00a0Gaadat El Waha Khettara du Diwane\u00a0\u00bb.<\/p>\n<p>\u00ab\u00a0Ammi Brahim, comme nous l\u2019appelons par respect, reste \u00e0 ce jour notre guide et notre conseiller en mati\u00e8re de pratiques sacr\u00e9es et profanes de ce legs ancestral qu\u2019est le Diwane, dont nous souhaitons le classement au registre du patrimoine national culturel,\u00a0 a indiqu\u00e9 M.Zenani \u00e0 l\u2019occasion de cet hommage qui a \u00e9t\u00e9 favorablement accueilli, tant par les membres de la famille de ce doyen du Diwane que par les nombreux repr\u00e9sentants des associations locales activant dans le domaine de la promotion de cette musique, pr\u00e9sents \u00e0 la c\u00e9r\u00e9monie.<\/p>\n<\/div>\n<p>Auteur:<br \/>\n<a href=\"http:\/\/www.aps.dz\/culture\/105925-bechar-hommage-a-brahim-berrezoug-un-doyen-de-la-musique-diwane-dans-le-pays\">Cliquez ici pour lire l&rsquo;article depuis sa source.<\/a><\/p>\n","protected":false},"excerpt":{"rendered":"<p>BECHAR \u00a0&#8211; Un hommage a \u00e9t\u00e9 rendu par la Direction de la Culture de Bechar \u00e0 Brahim Berrezoug (87 ans), l\u2019un des doyens de la musique Diwane en Alg\u00e9rie, \u00e0 l\u2019occasion de la journ\u00e9e nationale de l\u2019artiste. L\u2019artiste a consacr\u00e9 plus de 70 ans de sa vie \u00e0 la cons\u00e9cration, la promotion et le d\u00e9veloppement [&hellip;]<\/p>\n","protected":false},"author":1790,"featured_media":0,"comment_status":"closed","ping_status":"closed","sticky":false,"template":"","format":"standard","meta":{"fifu_image_url":"","fifu_image_alt":"","footnotes":""},"categories":[53,79],"tags":[],"class_list":["post-88268","post","type-post","status-publish","format-standard","hentry","category-algerie","category-culture"],"_links":{"self":[{"href":"https:\/\/linitiative.ca\/International\/wp-json\/wp\/v2\/posts\/88268","targetHints":{"allow":["GET"]}}],"collection":[{"href":"https:\/\/linitiative.ca\/International\/wp-json\/wp\/v2\/posts"}],"about":[{"href":"https:\/\/linitiative.ca\/International\/wp-json\/wp\/v2\/types\/post"}],"author":[{"embeddable":true,"href":"https:\/\/linitiative.ca\/International\/wp-json\/wp\/v2\/users\/1790"}],"replies":[{"embeddable":true,"href":"https:\/\/linitiative.ca\/International\/wp-json\/wp\/v2\/comments?post=88268"}],"version-history":[{"count":0,"href":"https:\/\/linitiative.ca\/International\/wp-json\/wp\/v2\/posts\/88268\/revisions"}],"wp:attachment":[{"href":"https:\/\/linitiative.ca\/International\/wp-json\/wp\/v2\/media?parent=88268"}],"wp:term":[{"taxonomy":"category","embeddable":true,"href":"https:\/\/linitiative.ca\/International\/wp-json\/wp\/v2\/categories?post=88268"},{"taxonomy":"post_tag","embeddable":true,"href":"https:\/\/linitiative.ca\/International\/wp-json\/wp\/v2\/tags?post=88268"}],"curies":[{"name":"wp","href":"https:\/\/api.w.org\/{rel}","templated":true}]}}