{"id":88276,"date":"2020-06-08T11:25:18","date_gmt":"2020-06-08T15:25:18","guid":{"rendered":"https:\/\/linitiative.ca\/International\/confinement-fort-engouement-pour-les-activites-culturelles\/"},"modified":"2020-06-08T11:25:18","modified_gmt":"2020-06-08T15:25:18","slug":"confinement-fort-engouement-pour-les-activites-culturelles","status":"publish","type":"post","link":"https:\/\/linitiative.ca\/International\/confinement-fort-engouement-pour-les-activites-culturelles\/","title":{"rendered":"Confinement: Fort engouement pour les activit\u00e9s culturelles"},"content":{"rendered":"<div readability=\"38\">\n<p>Marrakech \u2013 Les activit\u00e9s culturelles organis\u00e9es \u00e0 distance par la Direction r\u00e9gionale de la Culture de Marrakech-Safi durant la p\u00e9riode de confinement sanitaire, ont enregistr\u00e9 un fort engouement et une participation remarquable aussi bien du Maroc que de l\u2019\u00e9tranger, a affirm\u00e9 le directeur r\u00e9gional de la culture, Azouz Boujmid.<\/p>\n<\/div>\n<div readability=\"112\">\n<p>Dans une d\u00e9claration \u00e0 la MAP, le responsable a indiqu\u00e9 que ces activit\u00e9s, largement suivies et diffus\u00e9es sur la page Facebook officielle de la Direction et celles de ses diff\u00e9rents services, ainsi qu\u2019\u00e0 travers la cha\u00eene YouTube, visaient \u00e0 pr\u00e9senter un produit culturel riche et vari\u00e9 et \u00e0 mettre en lumi\u00e8re le patrimoine mat\u00e9riel et immat\u00e9riel dont regorge la r\u00e9gion, en veillant \u00e0 garantir la s\u00e9curit\u00e9 sanitaire des fonctionnaires et des b\u00e9n\u00e9ficiaires \u00e0 travers l\u2019adoption des moyens de communication \u00e0 distance.<\/p>\n<p>Et de poursuivre que les diff\u00e9rents services culturels comp\u00e9tents relevant de la Direction r\u00e9gionale de Marrakech-Safi se sont mobilis\u00e9s, dans ce sens, en cr\u00e9ant et\/ou activant leurs pages Facebook pour l\u2019organisation d\u2019activit\u00e9s culturelles et patrimoniales touchant les divers arts (th\u00e9\u00e2tre, musique, arts plastiques), la litt\u00e9rature et la mise en lumi\u00e8re du patrimoine culturel en diffusant des capsules, des photos et des documents relatifs au patrimoine mat\u00e9riel et immat\u00e9riel de la r\u00e9gion, ainsi que d\u2019autres activit\u00e9s d\u00e9di\u00e9es aux enfants, outre des concours culturels et artistiques.<\/p>\n<p>Afin d\u2019assurer la continuit\u00e9 du fonctionnement des plateformes de communication modernes de la Direction et de ses services, une commission technique a \u00e9t\u00e9 mise en place afin de veiller \u00e0 enrichir le contenu \u00e0 travers la diffusion en ligne des diff\u00e9rentes activit\u00e9s que les cadres de la Direction s\u2019attellent \u00e0 produire en partenariat avec les diff\u00e9rents acteurs dans le domaine culturel.<\/p>\n<p>Ces activit\u00e9s sont diffus\u00e9es sur les pages Facebook des diff\u00e9rents services et \u00e9tablissements relevant du secteur de la Culture (notamment la Direction r\u00e9gionale \u00e0 Marrakech, la Direction provinciale \u00e0 Safi, la Direction provinciale \u00e0 Essaouira, le Conservatoire r\u00e9gional du patrimoine culturel \u00e0 Marrakech, les Maisons de la Culture \u00e0 Daoudiat (Marrakech) et \u00e0 El Kel\u00e2a des Sraghna, le Centre culturel \u00e0 Sidi Rahal et la cit\u00e9 des arts \u00e0 Safi).<\/p>\n<p>Le nombre d\u2019activit\u00e9s organis\u00e9es, avec la contribution d\u2019un parterre d\u2019artistes, d\u2019intellectuels, d\u2019\u00e9crivains et de sp\u00e9cialistes du patrimoine, a d\u00e9pass\u00e9 les pr\u00e9visions, a-t-il fait savoir, notant que ces \u00e9v\u00e9nements ont port\u00e9 sur les arts de la narration, le th\u00e9\u00e2tre, la cr\u00e9ation litt\u00e9raire, les arts plastiques et le patrimoine culturel de la r\u00e9gion, notamment les monuments historiques, les sites arch\u00e9ologiques et les pratiques culturelles.<\/p>\n<p>M. Boujmid a, dans ce sillage, relev\u00e9 que les concours culturels initi\u00e9s par la Direction r\u00e9gionale au profit des g\u00e9n\u00e9rations montantes et des jeunes, se poursuivent jusqu\u2019au 20 courant, ajoutant que ces comp\u00e9titions connaissent, depuis leur annonce au d\u00e9but du confinement sanitaire, une croissance continue du nombre des participants.<\/p>\n<p>Il a, en outre, fait remarquer que la dynamique culturelle d\u00e9clench\u00e9e gr\u00e2ce aux r\u00e9seaux sociaux pendant la p\u00e9riode du confinement a d\u00e9montr\u00e9 l\u2019efficience de la communication \u00e0 distance et offert l\u2019occasion de rester en contact avec de larges et diff\u00e9rentes cat\u00e9gories de citoyens.<\/p>\n<p>D\u2019o\u00f9, a soulign\u00e9 le responsable, la n\u00e9cessit\u00e9 d\u2019int\u00e9grer les activit\u00e9s num\u00e9riques dans les programmes annuels de ces institutions et ce, en raison de plusieurs facteurs, notamment la volont\u00e9 des citoyens d\u2019interagir positivement \u00e0 distance avec de telles initiatives, permettant ainsi une meilleure diffusion de ces \u00e9v\u00e9nements et d\u2019augmenter le nombre des b\u00e9n\u00e9ficiaires des services culturels et des connaissances offertes.<\/p>\n<\/div>\n<p>Auteur: Meriem IGASS<br \/>\n<a href=\"http:\/\/www.mapmarrakech.ma\/fr\/confinement-fort-engouement-pour-les-activites-culturelles\/\">Cliquez ici pour lire l&rsquo;article depuis sa source.<\/a><\/p>\n","protected":false},"excerpt":{"rendered":"<p>Marrakech \u2013 Les activit\u00e9s culturelles organis\u00e9es \u00e0 distance par la Direction r\u00e9gionale de la Culture de Marrakech-Safi durant la p\u00e9riode de confinement sanitaire, ont enregistr\u00e9 un fort engouement et une participation remarquable aussi bien du Maroc que de l\u2019\u00e9tranger, a affirm\u00e9 le directeur r\u00e9gional de la culture, Azouz Boujmid. Dans une d\u00e9claration \u00e0 la MAP, [&hellip;]<\/p>\n","protected":false},"author":1788,"featured_media":0,"comment_status":"closed","ping_status":"closed","sticky":false,"template":"","format":"standard","meta":{"fifu_image_url":"","fifu_image_alt":"","footnotes":""},"categories":[54,76],"tags":[],"class_list":["post-88276","post","type-post","status-publish","format-standard","hentry","category-maroc","category-regions"],"_links":{"self":[{"href":"https:\/\/linitiative.ca\/International\/wp-json\/wp\/v2\/posts\/88276","targetHints":{"allow":["GET"]}}],"collection":[{"href":"https:\/\/linitiative.ca\/International\/wp-json\/wp\/v2\/posts"}],"about":[{"href":"https:\/\/linitiative.ca\/International\/wp-json\/wp\/v2\/types\/post"}],"author":[{"embeddable":true,"href":"https:\/\/linitiative.ca\/International\/wp-json\/wp\/v2\/users\/1788"}],"replies":[{"embeddable":true,"href":"https:\/\/linitiative.ca\/International\/wp-json\/wp\/v2\/comments?post=88276"}],"version-history":[{"count":0,"href":"https:\/\/linitiative.ca\/International\/wp-json\/wp\/v2\/posts\/88276\/revisions"}],"wp:attachment":[{"href":"https:\/\/linitiative.ca\/International\/wp-json\/wp\/v2\/media?parent=88276"}],"wp:term":[{"taxonomy":"category","embeddable":true,"href":"https:\/\/linitiative.ca\/International\/wp-json\/wp\/v2\/categories?post=88276"},{"taxonomy":"post_tag","embeddable":true,"href":"https:\/\/linitiative.ca\/International\/wp-json\/wp\/v2\/tags?post=88276"}],"curies":[{"name":"wp","href":"https:\/\/api.w.org\/{rel}","templated":true}]}}