{"id":88278,"date":"2020-06-08T07:45:53","date_gmt":"2020-06-08T11:45:53","guid":{"rendered":"https:\/\/linitiative.ca\/International\/prise-en-charge-des-cas-covid19-la-pression-tombe-au-chu-doran\/"},"modified":"2020-06-08T07:45:53","modified_gmt":"2020-06-08T11:45:53","slug":"prise-en-charge-des-cas-covid19-la-pression-tombe-au-chu-doran","status":"publish","type":"post","link":"https:\/\/linitiative.ca\/International\/prise-en-charge-des-cas-covid19-la-pression-tombe-au-chu-doran\/","title":{"rendered":"Prise en charge des cas Covid19 : la pression tombe au CHU d\u2019Oran"},"content":{"rendered":"<div readability=\"38\">\n<p><strong>ORAN- Apr\u00e8s presque trois mois de mobilisation sans interruption et assidue au niveau du CHU d\u2019Oran qui prend en charge quelque 60% des cas Covid-19 de la wilaya, la pression est tomb\u00e9e au CHUO et l\u2019\u00e9tablissement commence \u00e0 reprendre son rythme d&rsquo;activit\u00e9s habituel, a assur\u00e9 son directeur, Hadj Boutouaf.<\/strong><\/p>\n<\/div>\n<div readability=\"102.23684210526\">\n<p>\u00ab\u00a0Nous avons instruit les chefs de services de reprendre l\u2019ensemble des activit\u00e9s de consultations, de soins et de chirurgie suspendues \u00e0 cause du Covid19\u00a0\u00bb, a-t-il indiqu\u00e9, dans une d\u00e9claration \u00e0 l\u2019APS, pr\u00e9cisant que durant cette p\u00e9riode de crise sanitaire les hospitalisations et les chirurgies d\u2019urgence ont \u00e9t\u00e9 maintenues alors que de nombreuses autres activit\u00e9s de soins et de chirurgie moins urgentes ont \u00e9t\u00e9 suspendues, pour laisser place \u00e0 la prise en charge des malades du Covid-19.<\/p>\n<blockquote readability=\"11\">\n<p><em><strong>Le CHU d\u2019Oran reprend son rythme d\u2019activit\u00e9s habituel. Le service de chirurgie g\u00e9n\u00e9rale, plus connu sous le nom de \u00ab\u00a0Pavillon 14\u00a0\u00bb, jusque-l\u00e0 r\u00e9serv\u00e9 aux cas du Covid-19, a \u00e9t\u00e9 rouvert apr\u00e8s le transfert des malades atteints du virus vers le premier \u00e9tage du service de r\u00e9habilitation fonctionnelle.<\/strong><\/em><\/p>\n<\/blockquote>\n<p>Le service de r\u00e9habilitation fonctionnelle, avec ses 23 lits, reprendra \u00e9galement ses activit\u00e9s, tout en r\u00e9servant une partie de ses capacit\u00e9s (19 lits) pour les cas atteints du virus. Un acc\u00e8s isolant a \u00e9t\u00e9 am\u00e9nag\u00e9 \u00e0 cet effet.<\/p>\n<blockquote readability=\"12\">\n<p><em><strong>Les activit\u00e9s du CHUO seront reprises, l\u2019une apr\u00e8s l\u2019autre jusqu\u2019au retour complet au r\u00e9gime de \u00ab\u00a0l\u2019avant-Covid19\u00a0\u00bb, explique M. Boutouaf, notant que plusieurs param\u00e8tres sont derri\u00e8re cette baisse de pression, \u00e0 commencer par l\u2019instruction du minist\u00e8re de tutelle visant \u00e0 lib\u00e9rer les malades au bout d\u2019une dizaine de jours de traitement.<\/strong><\/em><\/p>\n<\/blockquote>\n<p>Auparavant, les malades poursuivaient leur confinement apr\u00e8s la fin du traitement au niveau des \u00e9tablissements hospitaliers. Le nouveau parcours d\u2019un cas Covid19, d\u00e9fini par le minist\u00e8re de tutelle, pr\u00e9voit un s\u00e9jour d\u2019une dizaine de jours \u00e0 l\u2019h\u00f4pital et un confinement \u00e0 domicile apr\u00e8s la fin du traitement \u00e0 la chloroquine.<\/p>\n<p><strong>Optimiser la qualit\u00e9 des soins<\/strong><\/p>\n<p>Cette mesure a permis \u00e0 un grand nombre de malades de regagner leurs foyers et la lib\u00e9ration des lits au niveau du CHU. Actuellement, seule une quarantaine de malades sont hospitalis\u00e9s dans cet \u00e9tablissement. \u00ab\u00a0Le CHUO dispose, d\u00e9sormais, suffisamment d\u2019exp\u00e9rience et de recul pour g\u00e9rer la situation en toute s\u00e9r\u00e9nit\u00e9\u00a0\u00bb, souligne son premier responsable.<\/p>\n<blockquote readability=\"12\">\n<p><em><strong>\u00ab\u00a0Nous consid\u00e9rons d\u00e9sormais le Covid19 comme toute autre maladie\u00a0\u00bb, estime M. Boutouaf, pr\u00e9cisant que les \u00e9quipes m\u00e9dicales de son \u00e9tablissement ont acquis une exp\u00e9rience en la mati\u00e8re, \u00ab\u00a0ce qui a fait disparaitre cette crainte qui taraudait certains au cours des premi\u00e8res semaines de la pand\u00e9mie\u00a0\u00bb, a-t-il indiqu\u00e9.<\/strong><\/em><\/p>\n<\/blockquote>\n<p>Le m\u00eame responsable n\u2019a pas manqu\u00e9 de rappeler les r\u00e9sultats satisfaisants de son \u00e9tablissement qui, jusqu\u2019\u00e0 ce jour, a enregistr\u00e9 237 gu\u00e9risons contre un tr\u00e8s faible taux de mortalit\u00e9 depuis le d\u00e9but de la pand\u00e9mie ainsi qu\u2019un nombre tr\u00e8s r\u00e9duit de cas graves.<\/p>\n<hr\/>\n<h4 class=\"allmode-title\">Lire aussi:\u00a0<a href=\"\/proxy\/35c5fb4c\/http\/www.aps.dz\/sante-science-technologie\/105866-la-lutte-contre-le-covid-19-evoquee-par-benbouzid-et-le-representant-de-l-oms-en-algerie\">La lutte contre le Covid-19 \u00e9voqu\u00e9e par Benbouzid et le repr\u00e9sentant de l&rsquo;OMS en Alg\u00e9rie<\/a><\/h4>\n<hr\/>\n<p>Par ailleurs, le CHUO dispose d\u2019un service de maladies infectieuses, unique en son genre dans la wilaya d\u2019Oran, et comptant 11 sp\u00e9cialistes.<\/p>\n<p>\u00ab\u00a0Ceci a permis d\u2019optimiser la qualit\u00e9 de la prise en charge des malades\u00a0\u00bb, a soulign\u00e9 encore M. Boutouaf.<\/p>\n<p>\u00ab\u00a0L\u2019exp\u00e9rience cumul\u00e9e durant ces trois mois en ce qui concerne la prise en charge des cas du Covid19, nous permet de faire face \u00e0 toutes les situations semblables dans le futur\u00a0\u00bb, assure le m\u00eame responsable, qui a, toutefois, appel\u00e9 les citoyens \u00e0 rester vigilants dans les jours \u00e0 venir malgr\u00e9 l\u2019accalmie et les mesures de d\u00e9confinement partiel.<\/p>\n<\/div>\n<p>Auteur:<br \/>\n<a href=\"http:\/\/www.aps.dz\/regions\/105917-prise-en-charge-des-cas-covid19-la-pression-tombe-au-chu-d-oran\">Cliquez ici pour lire l&rsquo;article depuis sa source.<\/a><\/p>\n","protected":false},"excerpt":{"rendered":"<p>ORAN- Apr\u00e8s presque trois mois de mobilisation sans interruption et assidue au niveau du CHU d\u2019Oran qui prend en charge quelque 60% des cas Covid-19 de la wilaya, la pression est tomb\u00e9e au CHUO et l\u2019\u00e9tablissement commence \u00e0 reprendre son rythme d&rsquo;activit\u00e9s habituel, a assur\u00e9 son directeur, Hadj Boutouaf. \u00ab\u00a0Nous avons instruit les chefs de [&hellip;]<\/p>\n","protected":false},"author":1790,"featured_media":0,"comment_status":"closed","ping_status":"closed","sticky":false,"template":"","format":"standard","meta":{"fifu_image_url":"","fifu_image_alt":"","footnotes":""},"categories":[53,76],"tags":[],"class_list":["post-88278","post","type-post","status-publish","format-standard","hentry","category-algerie","category-regions"],"_links":{"self":[{"href":"https:\/\/linitiative.ca\/International\/wp-json\/wp\/v2\/posts\/88278","targetHints":{"allow":["GET"]}}],"collection":[{"href":"https:\/\/linitiative.ca\/International\/wp-json\/wp\/v2\/posts"}],"about":[{"href":"https:\/\/linitiative.ca\/International\/wp-json\/wp\/v2\/types\/post"}],"author":[{"embeddable":true,"href":"https:\/\/linitiative.ca\/International\/wp-json\/wp\/v2\/users\/1790"}],"replies":[{"embeddable":true,"href":"https:\/\/linitiative.ca\/International\/wp-json\/wp\/v2\/comments?post=88278"}],"version-history":[{"count":0,"href":"https:\/\/linitiative.ca\/International\/wp-json\/wp\/v2\/posts\/88278\/revisions"}],"wp:attachment":[{"href":"https:\/\/linitiative.ca\/International\/wp-json\/wp\/v2\/media?parent=88278"}],"wp:term":[{"taxonomy":"category","embeddable":true,"href":"https:\/\/linitiative.ca\/International\/wp-json\/wp\/v2\/categories?post=88278"},{"taxonomy":"post_tag","embeddable":true,"href":"https:\/\/linitiative.ca\/International\/wp-json\/wp\/v2\/tags?post=88278"}],"curies":[{"name":"wp","href":"https:\/\/api.w.org\/{rel}","templated":true}]}}