{"id":88281,"date":"2020-06-08T09:54:47","date_gmt":"2020-06-08T13:54:47","guid":{"rendered":"https:\/\/linitiative.ca\/International\/laghouat-versement-de-la-2e-tranche-de-lallocation-de-solidarite-aux-necessiteux\/"},"modified":"2020-06-08T09:54:47","modified_gmt":"2020-06-08T13:54:47","slug":"laghouat-versement-de-la-2e-tranche-de-lallocation-de-solidarite-aux-necessiteux","status":"publish","type":"post","link":"https:\/\/linitiative.ca\/International\/laghouat-versement-de-la-2e-tranche-de-lallocation-de-solidarite-aux-necessiteux\/","title":{"rendered":"Laghouat: versement de la 2e tranche de l\u2019allocation de solidarit\u00e9 aux n\u00e9cessiteux"},"content":{"rendered":"<p><span class=\"sp-nh-title\">Journ\u00e9e nationale de l\u2019artiste: le Premier ministre pr\u00e9sente ses v\u0153ux aux artistes<\/span> &#8211; <span class=\"sp-nh-date\">lundi 8 juin 2020 19:12<\/span><\/p>\n<p><span class=\"sp-nh-title\">L&rsquo;Espagne ne peut pas \u00e9luder sa responsabilit\u00e9 envers les Sahraouis<\/span> &#8211; <span class=\"sp-nh-date\">lundi 8 juin 2020 18:49<\/span><\/p>\n<p><span class=\"sp-nh-title\">Prochaines r\u00e9unions OPEP+: la reprise de la production libyenne prise en compte<\/span> &#8211; <span class=\"sp-nh-date\">lundi 8 juin 2020 18:40<\/span><\/p>\n<p><span class=\"sp-nh-title\">Sport : signature d&rsquo;un accord-cadre conclu entre le minist\u00e8re des sports et l&rsquo;ONPLC<\/span> &#8211; <span class=\"sp-nh-date\">lundi 8 juin 2020 18:27<\/span><\/p>\n<p><span class=\"sp-nh-title\">Le CRA re\u00e7oit un don d&rsquo;\u00e9quipements m\u00e9dicaux d&rsquo;une valeur de 17 millions de DA<\/span> &#8211; <span class=\"sp-nh-date\">lundi 8 juin 2020 18:06<\/span><\/p>\n<p><span class=\"sp-nh-title\">Adrar : Tayeb Aboubi, une figure de la chanson locale en qu\u00eate de prise en charge<\/span> &#8211; <span class=\"sp-nh-date\">lundi 8 juin 2020 17:46<\/span><\/p>\n<p><span class=\"sp-nh-title\">Lancement d&rsquo;un service \u00e9lectronique pour le signalement des sans-abris<\/span> &#8211; <span class=\"sp-nh-date\">lundi 8 juin 2020 17:40<\/span><\/p>\n<p><span class=\"sp-nh-title\">Covid19: 111 nouveaux cas, 82 gu\u00e9risons et 8 d\u00e9c\u00e8s en Alg\u00e9rie durant les derni\u00e8res 24h<\/span> &#8211; <span class=\"sp-nh-date\">lundi 8 juin 2020 17:28<\/span><\/p>\n<p><span class=\"sp-nh-title\">Boumerd\u00e8s: un r\u00e9seau national de trafic de fausse monnaie d\u00e9mantel\u00e9 \u00e0 Corso<\/span> &#8211; <span class=\"sp-nh-date\">lundi 8 juin 2020 17:02<\/span><\/p>\n<p><span class=\"sp-nh-title\">Relizane: concours national pour contribuer \u00e0 juguler les cons\u00e9quences de la pand\u00e9mie du coronavirus<\/span> &#8211; <span class=\"sp-nh-date\">lundi 8 juin 2020 16:45<\/span><\/p>\n<p><span class=\"sp-nh-title\">Oran-Covid19: op\u00e9ration de distribution de 100.000 masques de protection<\/span> &#8211; <span class=\"sp-nh-date\">lundi 8 juin 2020 16:20<\/span><\/p>\n<p><span class=\"sp-nh-title\">Installation du nouveau PDG du journal El-Massa Djamel La\u00e2lami<\/span> &#8211; <span class=\"sp-nh-date\">lundi 8 juin 2020 16:19<\/span><\/p>\n<p><span class=\"sp-nh-title\">Le minist\u00e8re de la Sant\u00e9 remet des masques de protection \u00e0 des associations de personnes vuln\u00e9rables<\/span> &#8211; <span class=\"sp-nh-date\">lundi 8 juin 2020 16:05<\/span><\/p>\n<p><span class=\"sp-nh-title\">Foot-Enregistrement sonore: la justice alg\u00e9rienne passe \u00e0 la vitesse sup\u00e9rieure<\/span> &#8211; <span class=\"sp-nh-date\">lundi 8 juin 2020 15:55<\/span><\/p>\n<p><span class=\"sp-nh-title\">Cin\u00e9ma: installation des nouveaux membres de la commission de lecture du Fdatic<\/span> &#8211; <span class=\"sp-nh-date\">lundi 8 juin 2020 15:51<\/span><\/p>\n<p><span class=\"sp-nh-title\">Journ\u00e9e du donneur de sang: l&rsquo;ONJSA organise une collecte le 14 juin \u00e0 la Coupole e l\u2019OCO<\/span> &#8211; <span class=\"sp-nh-date\">lundi 8 juin 2020 15:32<\/span><\/p>\n<p><span class=\"sp-nh-title\">D\u00e9confinement: les transporteurs de voyageurs se pr\u00e9parent \u00e0 la reprise de l&rsquo;activit\u00e9<\/span> &#8211; <span class=\"sp-nh-date\">lundi 8 juin 2020 15:21<\/span><\/p>\n<p><span class=\"sp-nh-title\">Arrestation d&rsquo;un \u00e9l\u00e9ment de soutien aux groupes terroristes \u00e0 Bordj Bou Arreridj<\/span> &#8211; <span class=\"sp-nh-date\">lundi 8 juin 2020 15:07<\/span><\/p>\n<p><span class=\"sp-nh-title\">Bechar: hommage \u00e0 Brahim Berrezoug, un doyen de la musique Diwane dans le pays<\/span> &#8211; <span class=\"sp-nh-date\">lundi 8 juin 2020 14:58<\/span><\/p>\n<p><span class=\"sp-nh-title\">Laghouat: versement de la 2e tranche de l\u2019allocation de solidarit\u00e9 aux n\u00e9cessiteux<\/span> &#8211; <span class=\"sp-nh-date\">lundi 8 juin 2020 14:54<\/span><\/p>\n<p>Auteur:<br \/>\n<a href=\"http:\/\/www.aps.dz\/regions\/105922-laghouat-versement-de-la-2e-tranche-de-l-allocation-de-solidarite-aux-necessiteux\">Cliquez ici pour lire l&rsquo;article depuis sa source.<\/a><\/p>\n","protected":false},"excerpt":{"rendered":"<p>Journ\u00e9e nationale de l\u2019artiste: le Premier ministre pr\u00e9sente ses v\u0153ux aux artistes &#8211; lundi 8 juin 2020 19:12 L&rsquo;Espagne ne peut pas \u00e9luder sa responsabilit\u00e9 envers les Sahraouis &#8211; lundi 8 juin 2020 18:49 Prochaines r\u00e9unions OPEP+: la reprise de la production libyenne prise en compte &#8211; lundi 8 juin 2020 18:40 Sport : signature [&hellip;]<\/p>\n","protected":false},"author":1790,"featured_media":0,"comment_status":"closed","ping_status":"closed","sticky":false,"template":"","format":"standard","meta":{"fifu_image_url":"","fifu_image_alt":"","footnotes":""},"categories":[53,76],"tags":[],"class_list":["post-88281","post","type-post","status-publish","format-standard","hentry","category-algerie","category-regions"],"_links":{"self":[{"href":"https:\/\/linitiative.ca\/International\/wp-json\/wp\/v2\/posts\/88281","targetHints":{"allow":["GET"]}}],"collection":[{"href":"https:\/\/linitiative.ca\/International\/wp-json\/wp\/v2\/posts"}],"about":[{"href":"https:\/\/linitiative.ca\/International\/wp-json\/wp\/v2\/types\/post"}],"author":[{"embeddable":true,"href":"https:\/\/linitiative.ca\/International\/wp-json\/wp\/v2\/users\/1790"}],"replies":[{"embeddable":true,"href":"https:\/\/linitiative.ca\/International\/wp-json\/wp\/v2\/comments?post=88281"}],"version-history":[{"count":0,"href":"https:\/\/linitiative.ca\/International\/wp-json\/wp\/v2\/posts\/88281\/revisions"}],"wp:attachment":[{"href":"https:\/\/linitiative.ca\/International\/wp-json\/wp\/v2\/media?parent=88281"}],"wp:term":[{"taxonomy":"category","embeddable":true,"href":"https:\/\/linitiative.ca\/International\/wp-json\/wp\/v2\/categories?post=88281"},{"taxonomy":"post_tag","embeddable":true,"href":"https:\/\/linitiative.ca\/International\/wp-json\/wp\/v2\/tags?post=88281"}],"curies":[{"name":"wp","href":"https:\/\/api.w.org\/{rel}","templated":true}]}}