{"id":88288,"date":"2020-06-08T13:18:37","date_gmt":"2020-06-08T17:18:37","guid":{"rendered":"https:\/\/linitiative.ca\/International\/covid-19-78-nouveaux-cas-confirmes-au-maroc-44-guerisons\/"},"modified":"2020-06-08T13:18:37","modified_gmt":"2020-06-08T17:18:37","slug":"covid-19-78-nouveaux-cas-confirmes-au-maroc-44-guerisons","status":"publish","type":"post","link":"https:\/\/linitiative.ca\/International\/covid-19-78-nouveaux-cas-confirmes-au-maroc-44-guerisons\/","title":{"rendered":"Covid-19: 78 nouveaux cas confirm\u00e9s au Maroc, 44 gu\u00e9risons"},"content":{"rendered":"<div class=\"single-featured\"><img alt=\"\" data-src=\"http:\/\/www.mapoujda.ma\/map\/uploads\/2020\/06\/8302-Bilan-FR-site-R&#xE9;gionaux-M750&#xD7;430-MAP.jpg\"\/><\/div>\n<div class=\"entry-content clearfix single-post-content\" readability=\"52\">\n<p class=\"c4\">Soixante-dix-huit (78) nouveaux cas d\u2019infection au coronavirus (Covid-19) et 44 de gu\u00e9risons ont \u00e9t\u00e9 enregistr\u00e9s au Maroc au cours des derni\u00e8res 24 heures, a annonc\u00e9 lundi le minist\u00e8re de la Sant\u00e9.<\/p>\n<p class=\"c4\">Ce nouveau bilan porte \u00e0 8.302 le nombre de contaminations dans le Royaume depuis la d\u00e9claration du premier cas le 2 mars dernier et \u00e0 7.408 le nombre des personnes totalement r\u00e9tablies, soit un taux de gu\u00e9rison de 89,2%, a pr\u00e9cis\u00e9 Mouad Mrabet, coordonnateur du Centre national des op\u00e9rations d\u2019urgence de sant\u00e9 publique au minist\u00e8re de la Sant\u00e9, dans une d\u00e9claration retransmise par la MAP sur sa cha\u00eene de t\u00e9l\u00e9vision M24 et sur RIM RADIO.<\/p>\n<p class=\"c4\">Aucun nouveau d\u00e9c\u00e8s n\u2019a \u00e9t\u00e9 enregistr\u00e9 durant les derni\u00e8res 24 heures, a pr\u00e9cis\u00e9 le responsable, ajoutant que le nombre de morts reste stable \u00e0 208, soit un taux de l\u00e9talit\u00e9 de 2,5%.<\/p>\n<\/div>\n<p>Auteur: Soufiane ELAHMAR<br \/>\n<a href=\"http:\/\/www.mapoujda.ma\/fr\/coronavirus-78-nouveaux-cas-confirmes-au-maroc-44-guerisons\/\">Cliquez ici pour lire l&rsquo;article depuis sa source.<\/a><\/p>\n","protected":false},"excerpt":{"rendered":"<p>Soixante-dix-huit (78) nouveaux cas d\u2019infection au coronavirus (Covid-19) et 44 de gu\u00e9risons ont \u00e9t\u00e9 enregistr\u00e9s au Maroc au cours des derni\u00e8res 24 heures, a annonc\u00e9 lundi le minist\u00e8re de la Sant\u00e9. Ce nouveau bilan porte \u00e0 8.302 le nombre de contaminations dans le Royaume depuis la d\u00e9claration du premier cas le 2 mars dernier et [&hellip;]<\/p>\n","protected":false},"author":1788,"featured_media":88289,"comment_status":"closed","ping_status":"closed","sticky":false,"template":"","format":"standard","meta":{"fifu_image_url":"","fifu_image_alt":"","footnotes":""},"categories":[54,76],"tags":[],"class_list":["post-88288","post","type-post","status-publish","format-standard","has-post-thumbnail","hentry","category-maroc","category-regions"],"_links":{"self":[{"href":"https:\/\/linitiative.ca\/International\/wp-json\/wp\/v2\/posts\/88288","targetHints":{"allow":["GET"]}}],"collection":[{"href":"https:\/\/linitiative.ca\/International\/wp-json\/wp\/v2\/posts"}],"about":[{"href":"https:\/\/linitiative.ca\/International\/wp-json\/wp\/v2\/types\/post"}],"author":[{"embeddable":true,"href":"https:\/\/linitiative.ca\/International\/wp-json\/wp\/v2\/users\/1788"}],"replies":[{"embeddable":true,"href":"https:\/\/linitiative.ca\/International\/wp-json\/wp\/v2\/comments?post=88288"}],"version-history":[{"count":0,"href":"https:\/\/linitiative.ca\/International\/wp-json\/wp\/v2\/posts\/88288\/revisions"}],"wp:featuredmedia":[{"embeddable":true,"href":"https:\/\/linitiative.ca\/International\/wp-json\/"}],"wp:attachment":[{"href":"https:\/\/linitiative.ca\/International\/wp-json\/wp\/v2\/media?parent=88288"}],"wp:term":[{"taxonomy":"category","embeddable":true,"href":"https:\/\/linitiative.ca\/International\/wp-json\/wp\/v2\/categories?post=88288"},{"taxonomy":"post_tag","embeddable":true,"href":"https:\/\/linitiative.ca\/International\/wp-json\/wp\/v2\/tags?post=88288"}],"curies":[{"name":"wp","href":"https:\/\/api.w.org\/{rel}","templated":true}]}}