{"id":88313,"date":"2020-06-08T09:37:22","date_gmt":"2020-06-08T13:37:22","guid":{"rendered":"https:\/\/linitiative.ca\/International\/105920-jm-oran-2022-la-reunion-du-cojm-avec-le-cijm-reportee-a-jeudi\/"},"modified":"2020-06-08T09:37:22","modified_gmt":"2020-06-08T13:37:22","slug":"105920-jm-oran-2022-la-reunion-du-cojm-avec-le-cijm-reportee-a-jeudi","status":"publish","type":"post","link":"https:\/\/linitiative.ca\/International\/105920-jm-oran-2022-la-reunion-du-cojm-avec-le-cijm-reportee-a-jeudi\/","title":{"rendered":"JM Oran-2022: la r\u00e9union du COJM avec le CIJM  report\u00e9e \u00e0 jeudi"},"content":{"rendered":"<div readability=\"37\">\n<p><strong>ORAN- La r\u00e9union, qui devait regrouper lundi le Comit\u00e9 d\u2019organisation des jeux m\u00e9diterran\u00e9ens (COJM) Oran-2022 et la Commission de coordination aupr\u00e8s du Comit\u00e9 international des m\u00eames jeux (CIJM) par visio-conf\u00e9rence, a \u00e9t\u00e9 report\u00e9e \u00e0 jeudi, apprend-on du COJM.<\/strong><\/p>\n<\/div>\n<div readability=\"69.885684320923\">\n<p>Des emp\u00eachements de derni\u00e8re minute ont contraint la commission de coordination, que pr\u00e9side le Fran\u00e7ais Bernad Amslam, \u00e0 ajourner ce rendez-vous.Au menu de ce dernier, l\u2019examen des pr\u00e9paratifs de la 19e \u00e9dition de la manifestation sportive r\u00e9gionale, notamment les r\u00e9ajustements apport\u00e9es par le COJM sur le calendrier de cet \u00e9v\u00e8nement sportif apr\u00e8s avoir \u00e9t\u00e9 d\u00e9cal\u00e9 d\u2019une ann\u00e9e en raison de la pand\u00e9mie de Coronavirus, pr\u00e9cise-t-on de m\u00eame source.<\/p>\n<p>En pr\u00e9vision de cette r\u00e9union, le directeur g\u00e9n\u00e9ral du COJM, Salim Iles, a anim\u00e9, r\u00e9cemment, une s\u00e9ance de travail par visio-conf\u00e9rence avec les responsables des douze commissions techniques sp\u00e9cialis\u00e9es, pour pr\u00e9parer les diff\u00e9rents dossiers qui seront trait\u00e9s avec la commission de coordination.<\/p>\n<hr\/>\n<h3>Lire aussi:\u00a0<a href=\"http:\/\/www.aps.dz\/sport\/105847-jm-oran-2022-le-cojm-relance-ses-activites-officielles\" target=\"_blank\" rel=\"noopener noreferrer\">JM Oran-2022: le COJM relance ses activit\u00e9s officielles<\/a><\/h3>\n<hr\/>\n<p>A souligner dans ce registre, que l\u2019essentiel des r\u00e9ajustements qui devront \u00eatre apport\u00e9s \u00e0 la nouvelle feuille de route concerne la commission d\u2019organisation sportive. Cette derni\u00e8re est cens\u00e9e r\u00e9\u00e9tudier l\u2019\u00e9tat du programme journalier des comp\u00e9titions et le r\u00e9ajustement des manuels techniques avec les nouvelles dates des Jeux, d&rsquo;autant que ces derniers vont se rapprocher avec plusieurs comp\u00e9titions internationales (Jeux mondiaux, Championnats du monde d\u2019athl\u00e9tisme, de natation et de tir sportif, entre autres, tous pr\u00e9vus pour le mois de juillet 2022.<\/p>\n<p>La derni\u00e8re r\u00e9union du COJM avec le Comit\u00e9 de coordination du CIJM avait eu lieu en f\u00e9vrier dernier \u00e0 Oran. A l\u2019\u00e9poque, les JM \u00e9taient programm\u00e9s pour l\u2019\u00e9t\u00e9 2021, avant que la crise sanitaire ne frappe de plein fouet le monde entier obligeant l\u2019instance sportive m\u00e9diterran\u00e9enne, en coordination avec les autorit\u00e9s sportives alg\u00e9riennes, de d\u00e9cider de reporter le rendez-vous qui est d\u00e9sormais programm\u00e9 du 25 juin au 5 juillet 2022, rappelle-t-on.<\/p>\n<\/div>\n<p>Auteur:<br \/>\n<a href=\"http:\/\/www.aps.dz\/sport\/105920-jm-oran-2022-la-reunion-du-cojm-avec-le-cijm-reportee-a-jeudi?utm_source=feedburner&#038;utm_medium=feed&#038;utm_campaign=Feed%3A+aps-sport+%28APS+-+SPORT%29\">Cliquez ici pour lire l&rsquo;article depuis sa source.<\/a><\/p>\n","protected":false},"excerpt":{"rendered":"<p>ORAN- La r\u00e9union, qui devait regrouper lundi le Comit\u00e9 d\u2019organisation des jeux m\u00e9diterran\u00e9ens (COJM) Oran-2022 et la Commission de coordination aupr\u00e8s du Comit\u00e9 international des m\u00eames jeux (CIJM) par visio-conf\u00e9rence, a \u00e9t\u00e9 report\u00e9e \u00e0 jeudi, apprend-on du COJM. Des emp\u00eachements de derni\u00e8re minute ont contraint la commission de coordination, que pr\u00e9side le Fran\u00e7ais Bernad Amslam, [&hellip;]<\/p>\n","protected":false},"author":1790,"featured_media":0,"comment_status":"closed","ping_status":"closed","sticky":false,"template":"","format":"standard","meta":{"fifu_image_url":"","fifu_image_alt":"","footnotes":""},"categories":[53,75],"tags":[],"class_list":["post-88313","post","type-post","status-publish","format-standard","hentry","category-algerie","category-sport"],"_links":{"self":[{"href":"https:\/\/linitiative.ca\/International\/wp-json\/wp\/v2\/posts\/88313","targetHints":{"allow":["GET"]}}],"collection":[{"href":"https:\/\/linitiative.ca\/International\/wp-json\/wp\/v2\/posts"}],"about":[{"href":"https:\/\/linitiative.ca\/International\/wp-json\/wp\/v2\/types\/post"}],"author":[{"embeddable":true,"href":"https:\/\/linitiative.ca\/International\/wp-json\/wp\/v2\/users\/1790"}],"replies":[{"embeddable":true,"href":"https:\/\/linitiative.ca\/International\/wp-json\/wp\/v2\/comments?post=88313"}],"version-history":[{"count":0,"href":"https:\/\/linitiative.ca\/International\/wp-json\/wp\/v2\/posts\/88313\/revisions"}],"wp:attachment":[{"href":"https:\/\/linitiative.ca\/International\/wp-json\/wp\/v2\/media?parent=88313"}],"wp:term":[{"taxonomy":"category","embeddable":true,"href":"https:\/\/linitiative.ca\/International\/wp-json\/wp\/v2\/categories?post=88313"},{"taxonomy":"post_tag","embeddable":true,"href":"https:\/\/linitiative.ca\/International\/wp-json\/wp\/v2\/tags?post=88313"}],"curies":[{"name":"wp","href":"https:\/\/api.w.org\/{rel}","templated":true}]}}