{"id":88314,"date":"2020-06-08T09:24:47","date_gmt":"2020-06-08T13:24:47","guid":{"rendered":"https:\/\/linitiative.ca\/International\/105921-foot-enregistrement-sonore-ce-que-prevoit-le-reglement\/"},"modified":"2020-06-08T09:24:47","modified_gmt":"2020-06-08T13:24:47","slug":"105921-foot-enregistrement-sonore-ce-que-prevoit-le-reglement","status":"publish","type":"post","link":"https:\/\/linitiative.ca\/International\/105921-foot-enregistrement-sonore-ce-que-prevoit-le-reglement\/","title":{"rendered":"Foot\/Enregistrement sonore: ce que pr\u00e9voit le r\u00e8glement"},"content":{"rendered":"<p><span class=\"sp-nh-title\">Le Pr\u00e9sident Tebboune re\u00e7oit l\u2019ambassadeur des Etats-Unis \u00e0 Alger<\/span> &#8211; <span class=\"sp-nh-date\">lundi 8 juin 2020 20:11<\/span><\/p>\n<p><span class=\"sp-nh-title\">Alg\u00e9rie-EAU: l\u2019\u00e9tat de la coop\u00e9ration et de partenariat \u00e9nerg\u00e9tique \u00e9voqu\u00e9 \u00e0 Alger<\/span> &#8211; <span class=\"sp-nh-date\">lundi 8 juin 2020 20:02<\/span><\/p>\n<p><span class=\"sp-nh-title\">R\u00e8glement de la crise en Libye : la reprise d&rsquo;un dialogue s\u00e9rieux s&rsquo;impose<\/span> &#8211; <span class=\"sp-nh-date\">lundi 8 juin 2020 19:56<\/span><\/p>\n<p><span class=\"sp-nh-title\">Les efforts de la S\u00fbret\u00e9 nationale dans la protection de l&rsquo;environnement mis en avant<\/span> &#8211; <span class=\"sp-nh-date\">lundi 8 juin 2020 19:37<\/span><\/p>\n<p><span class=\"sp-nh-title\">L&rsquo;Espagne ne peut pas \u00e9luder sa responsabilit\u00e9 envers les Sahraouis<\/span> &#8211; <span class=\"sp-nh-date\">lundi 8 juin 2020 19:30<\/span><\/p>\n<p><span class=\"sp-nh-title\">Lutte contre les incendies: 65 colonnes mobiles pour couvrir toutes les wilayas du pays<\/span> &#8211; <span class=\"sp-nh-date\">lundi 8 juin 2020 19:28<\/span><\/p>\n<p><span class=\"sp-nh-title\">Agriculture: organiser la fili\u00e8re Caroube et soutenir l\u2019investissement dans ce domaine<\/span> &#8211; <span class=\"sp-nh-date\">lundi 8 juin 2020 19:16<\/span><\/p>\n<p><span class=\"sp-nh-title\">Oran : pr\u00e9paration en cours de la pi\u00e8ce sur le racisme Chronologia<\/span> &#8211; <span class=\"sp-nh-date\">lundi 8 juin 2020 19:13<\/span><\/p>\n<p><span class=\"sp-nh-title\">Journ\u00e9e nationale de l\u2019artiste: le Premier ministre pr\u00e9sente ses v\u0153ux aux artistes<\/span> &#8211; <span class=\"sp-nh-date\">lundi 8 juin 2020 19:12<\/span><\/p>\n<p><span class=\"sp-nh-title\">Prochaines r\u00e9unions OPEP+: la reprise de la production libyenne prise en compte<\/span> &#8211; <span class=\"sp-nh-date\">lundi 8 juin 2020 18:40<\/span><\/p>\n<p><span class=\"sp-nh-title\">Sport : signature d&rsquo;un accord-cadre conclu entre le minist\u00e8re des sports et l&rsquo;ONPLC<\/span> &#8211; <span class=\"sp-nh-date\">lundi 8 juin 2020 18:27<\/span><\/p>\n<p><span class=\"sp-nh-title\">Le CRA re\u00e7oit un don d&rsquo;\u00e9quipements m\u00e9dicaux d&rsquo;une valeur de 17 millions de DA<\/span> &#8211; <span class=\"sp-nh-date\">lundi 8 juin 2020 18:06<\/span><\/p>\n<p><span class=\"sp-nh-title\">Adrar : Tayeb Aboubi, une figure de la chanson locale en qu\u00eate de prise en charge<\/span> &#8211; <span class=\"sp-nh-date\">lundi 8 juin 2020 17:46<\/span><\/p>\n<p><span class=\"sp-nh-title\">Lancement d&rsquo;un service \u00e9lectronique pour le signalement des sans-abris<\/span> &#8211; <span class=\"sp-nh-date\">lundi 8 juin 2020 17:40<\/span><\/p>\n<p><span class=\"sp-nh-title\">Covid19: 111 nouveaux cas, 82 gu\u00e9risons et 8 d\u00e9c\u00e8s en Alg\u00e9rie durant les derni\u00e8res 24h<\/span> &#8211; <span class=\"sp-nh-date\">lundi 8 juin 2020 17:28<\/span><\/p>\n<p><span class=\"sp-nh-title\">Boumerd\u00e8s: un r\u00e9seau national de trafic de fausse monnaie d\u00e9mantel\u00e9 \u00e0 Corso<\/span> &#8211; <span class=\"sp-nh-date\">lundi 8 juin 2020 17:02<\/span><\/p>\n<p><span class=\"sp-nh-title\">Relizane: concours national pour contribuer \u00e0 juguler les cons\u00e9quences de la pand\u00e9mie du covid19<\/span> &#8211; <span class=\"sp-nh-date\">lundi 8 juin 2020 16:45<\/span><\/p>\n<p><span class=\"sp-nh-title\">Oran-Covid19: op\u00e9ration de distribution de 100.000 masques de protection<\/span> &#8211; <span class=\"sp-nh-date\">lundi 8 juin 2020 16:20<\/span><\/p>\n<p><span class=\"sp-nh-title\">Installation du nouveau PDG du journal El-Massa Djamel La\u00e2lami<\/span> &#8211; <span class=\"sp-nh-date\">lundi 8 juin 2020 16:19<\/span><\/p>\n<p><span class=\"sp-nh-title\">Le minist\u00e8re de la Sant\u00e9 remet des masques de protection \u00e0 des associations de personnes vuln\u00e9rables<\/span> &#8211; <span class=\"sp-nh-date\">lundi 8 juin 2020 16:05<\/span><\/p>\n<p>Auteur:<br \/>\n<a href=\"http:\/\/www.aps.dz\/sport\/105921-foot-enregistrement-sonore-ce-que-prevoit-le-reglement?utm_source=feedburner&#038;utm_medium=feed&#038;utm_campaign=Feed%3A+aps-sport+%28APS+-+SPORT%29\">Cliquez ici pour lire l&rsquo;article depuis sa source.<\/a><\/p>\n","protected":false},"excerpt":{"rendered":"<p>Le Pr\u00e9sident Tebboune re\u00e7oit l\u2019ambassadeur des Etats-Unis \u00e0 Alger &#8211; lundi 8 juin 2020 20:11 Alg\u00e9rie-EAU: l\u2019\u00e9tat de la coop\u00e9ration et de partenariat \u00e9nerg\u00e9tique \u00e9voqu\u00e9 \u00e0 Alger &#8211; lundi 8 juin 2020 20:02 R\u00e8glement de la crise en Libye : la reprise d&rsquo;un dialogue s\u00e9rieux s&rsquo;impose &#8211; lundi 8 juin 2020 19:56 Les efforts de [&hellip;]<\/p>\n","protected":false},"author":1790,"featured_media":0,"comment_status":"closed","ping_status":"closed","sticky":false,"template":"","format":"standard","meta":{"fifu_image_url":"","fifu_image_alt":"","footnotes":""},"categories":[53,75],"tags":[],"class_list":["post-88314","post","type-post","status-publish","format-standard","hentry","category-algerie","category-sport"],"_links":{"self":[{"href":"https:\/\/linitiative.ca\/International\/wp-json\/wp\/v2\/posts\/88314","targetHints":{"allow":["GET"]}}],"collection":[{"href":"https:\/\/linitiative.ca\/International\/wp-json\/wp\/v2\/posts"}],"about":[{"href":"https:\/\/linitiative.ca\/International\/wp-json\/wp\/v2\/types\/post"}],"author":[{"embeddable":true,"href":"https:\/\/linitiative.ca\/International\/wp-json\/wp\/v2\/users\/1790"}],"replies":[{"embeddable":true,"href":"https:\/\/linitiative.ca\/International\/wp-json\/wp\/v2\/comments?post=88314"}],"version-history":[{"count":0,"href":"https:\/\/linitiative.ca\/International\/wp-json\/wp\/v2\/posts\/88314\/revisions"}],"wp:attachment":[{"href":"https:\/\/linitiative.ca\/International\/wp-json\/wp\/v2\/media?parent=88314"}],"wp:term":[{"taxonomy":"category","embeddable":true,"href":"https:\/\/linitiative.ca\/International\/wp-json\/wp\/v2\/categories?post=88314"},{"taxonomy":"post_tag","embeddable":true,"href":"https:\/\/linitiative.ca\/International\/wp-json\/wp\/v2\/tags?post=88314"}],"curies":[{"name":"wp","href":"https:\/\/api.w.org\/{rel}","templated":true}]}}