{"id":88318,"date":"2020-06-08T13:29:00","date_gmt":"2020-06-08T17:29:00","guid":{"rendered":"https:\/\/linitiative.ca\/International\/conseil-de-la-nation-le-president-tebboune-nomme-les-membres-du-tiers-presidentiel\/"},"modified":"2020-06-08T13:29:00","modified_gmt":"2020-06-08T17:29:00","slug":"conseil-de-la-nation-le-president-tebboune-nomme-les-membres-du-tiers-presidentiel","status":"publish","type":"post","link":"https:\/\/linitiative.ca\/International\/conseil-de-la-nation-le-president-tebboune-nomme-les-membres-du-tiers-presidentiel\/","title":{"rendered":"CONSEIL DE LA NATION : Le pr\u00e9sident Tebboune  nomme les membres du tiers pr\u00e9sidentiel"},"content":{"rendered":"<p><br id=\"sep_para_1\" class=\"sep_para access\"\/><\/p>\n<div id=\"para_1\" class=\"para_37350848 resize\">\n<div class=\"texte access firstletter\">Le pr\u00e9sident de la R\u00e9publique, Abdelmadjid Tebboune, a nomm\u00e9, dimanche, 07 juin, les 14 membres du Tiers pr\u00e9sidentiel au Conseil de la nation, a indiqu\u00e9 la Pr\u00e9sidence de la R\u00e9publique dans un communiqu\u00e9. \u00ab\u00a0Le Pr\u00e9sident de la R\u00e9publique, M. Abdelmadjid Tebboune, a sign\u00e9 ce dimanche 07 juin un d\u00e9cret pr\u00e9sidentiel, en vertu duquel il a nomm\u00e9 les membres du Tiers pr\u00e9sidentiel au Conseil de la nation. Il s&rsquo;agit de:\u00a0 Mme. Leila Hammadi, veuve Aslaoui, ancienne ministre, M. Abdelmadjid Benkeddache, cadre sup\u00e9rieur de l\u2019Etat, M. Omar Belhadj, avocat, M. Ammar Abdelhamid Mahi-Bahi, ancien ministre de la Justice, Pr. en m\u00e9decine Mohamed Bouziane, ancien recteur d\u2019universit\u00e9, M. Moussa Cherchali, dit Mustapha, membre de l\u2019Organisation nationale des moudjahidine (ONM) M. Omar Dadi Addoune, avocat, M. Belkacem Abdelaali, membre de la F\u00e9d\u00e9ration nationale des \u00e9leveurs (FNE), M. Ahmed Bennai, cadre sup\u00e9rieur de l\u2019Etat,\u00a0 M. Mohamed Hamidou, ancien cadre sup\u00e9rieur,\u00a0 Pr. Mohamed Belhadj, pr\u00e9sident du Comit\u00e9 m\u00e9dical national de diab\u00e9tologie (CMND), M. Noureddine Tadj, ancien cadre de l\u2019Etat, M. Miloud Hanafi, ancien cadre de l\u2019Etat, M. El Hadj Nour, cadre dans le secteur de la Justice.\u00a0\u00a0<\/div>\n<\/div>\n<p>Auteur: Nadine<br \/>\n<a href=\"https:\/\/www.reflexiondz.net\/CONSEIL-DE-LA-NATION-Le-president-Tebboune-nomme-les-membres-du-tiers-presidentiel_a63232.html\">Cliquez ici pour lire l&rsquo;article depuis sa source.<\/a><\/p>\n","protected":false},"excerpt":{"rendered":"<p>Le pr\u00e9sident de la R\u00e9publique, Abdelmadjid Tebboune, a nomm\u00e9, dimanche, 07 juin, les 14 membres du Tiers pr\u00e9sidentiel au Conseil de la nation, a indiqu\u00e9 la Pr\u00e9sidence de la R\u00e9publique dans un communiqu\u00e9. \u00ab\u00a0Le Pr\u00e9sident de la R\u00e9publique, M. Abdelmadjid Tebboune, a sign\u00e9 ce dimanche 07 juin un d\u00e9cret pr\u00e9sidentiel, en vertu duquel il a [&hellip;]<\/p>\n","protected":false},"author":1740,"featured_media":0,"comment_status":"closed","ping_status":"closed","sticky":false,"template":"","format":"standard","meta":{"fifu_image_url":"","fifu_image_alt":"","footnotes":""},"categories":[53,76],"tags":[],"class_list":["post-88318","post","type-post","status-publish","format-standard","hentry","category-algerie","category-regions"],"_links":{"self":[{"href":"https:\/\/linitiative.ca\/International\/wp-json\/wp\/v2\/posts\/88318","targetHints":{"allow":["GET"]}}],"collection":[{"href":"https:\/\/linitiative.ca\/International\/wp-json\/wp\/v2\/posts"}],"about":[{"href":"https:\/\/linitiative.ca\/International\/wp-json\/wp\/v2\/types\/post"}],"author":[{"embeddable":true,"href":"https:\/\/linitiative.ca\/International\/wp-json\/wp\/v2\/users\/1740"}],"replies":[{"embeddable":true,"href":"https:\/\/linitiative.ca\/International\/wp-json\/wp\/v2\/comments?post=88318"}],"version-history":[{"count":0,"href":"https:\/\/linitiative.ca\/International\/wp-json\/wp\/v2\/posts\/88318\/revisions"}],"wp:attachment":[{"href":"https:\/\/linitiative.ca\/International\/wp-json\/wp\/v2\/media?parent=88318"}],"wp:term":[{"taxonomy":"category","embeddable":true,"href":"https:\/\/linitiative.ca\/International\/wp-json\/wp\/v2\/categories?post=88318"},{"taxonomy":"post_tag","embeddable":true,"href":"https:\/\/linitiative.ca\/International\/wp-json\/wp\/v2\/tags?post=88318"}],"curies":[{"name":"wp","href":"https:\/\/api.w.org\/{rel}","templated":true}]}}