{"id":88319,"date":"2020-06-08T13:29:00","date_gmt":"2020-06-08T17:29:00","guid":{"rendered":"https:\/\/linitiative.ca\/International\/revision-constitutionnelle-appel-a-un-debat-large-et-inclusif\/"},"modified":"2020-06-08T13:29:00","modified_gmt":"2020-06-08T17:29:00","slug":"revision-constitutionnelle-appel-a-un-debat-large-et-inclusif","status":"publish","type":"post","link":"https:\/\/linitiative.ca\/International\/revision-constitutionnelle-appel-a-un-debat-large-et-inclusif\/","title":{"rendered":"REVISION CONSTITUTIONNELLE : Appel \u00e0 un d\u00e9bat large et inclusif"},"content":{"rendered":"<p><br id=\"sep_para_1\" class=\"sep_para access\"\/><\/p>\n<div id=\"para_1\" class=\"para_37350846 resize\">\n<div class=\"texte access firstletter\">En effet, \u00ab\u00a0les professeurs Ahmed Laraba et Walid Laggoune, respectivement pr\u00e9sident et rapporteur g\u00e9n\u00e9ral du Comit\u00e9 d\u2019experts charg\u00e9 par le pr\u00e9sident de la R\u00e9publique, M. Abdelmadjid Tebboune, de formuler des propositions sur la r\u00e9vision de la Constitution, ont tenu une s\u00e9ance de travail avec le ministre de la Communication, porte-parole du gouvernement, le professeur Ammar Belhimer, et le pr\u00e9sident de l\u2019Autorit\u00e9 de r\u00e9gulation de l\u2019audiovisuel (ARAV), M. Mohamed Louber\u00a0\u00bb. Pr\u00e9cisant que, la r\u00e9union a \u00e9t\u00e9 propice \u00e0 un \u00e9change de vues autour des voies et moyens requis pour un d\u00e9bat national inclusif, large et pluriel, ouvert \u00e0 toutes les composantes de la soci\u00e9t\u00e9 civile et du monde politique, autour du projet de r\u00e9vision de la Constitution, indiquent les r\u00e9dacteurs du document. \u00ab\u00a0Acteur de facilitation\u00a0\u00bb du d\u00e9bat national \u00e0 ce sujet, le minist\u00e8re de la Communication affirme agir conform\u00e9ment aux attributions que lui conf\u00e8re la loi, notamment l\u2019article premier du d\u00e9cret ex\u00e9cutif n\u00a0 11-216 du 12 juin 2011 fixant ainsi ses attributions officielles : \u00ab\u00a0Dans le cadre de la politique g\u00e9n\u00e9rale du Gouvernement et de son plan d\u2019action, approuv\u00e9s conform\u00e9ment aux dispositions de la Constitution, le ministre de la communication exerce ses attributions sur l\u2019ensemble des activit\u00e9s li\u00e9s \u00e0 la promotion, la consolidation de la d\u00e9mocratie et de la libert\u00e9 d\u2019expression ainsi qu\u2019au d\u00e9veloppement de la communication\u00a0\u00bb, est-il pr\u00e9cis\u00e9. Partie prenante du d\u00e9bat et concern\u00e9e \u00e9galement par sa r\u00e9ussite, l\u2019ARAV entend, pour sa part, exercer pleinement la mission que lui fixe l\u2019article 54 alin\u00e9a 5 de la loi 14-04 du 24 f\u00e9vrier 2014 relative \u00e0 l\u2019activit\u00e9 audiovisuelle, pr\u00e9cis\u00e9ment, de \u00ab\u00a0veiller, par tous les moyens appropri\u00e9s, au respect de l\u2019expression plurielle des courants de pens\u00e9e et d\u2019opinion dans les programmes des services de diffusion sonore et t\u00e9l\u00e9visuelle, notamment sur des \u00e9missions d\u2019information politique et g\u00e9n\u00e9rale\u00a0\u00bb. Pour ce qui le concerne directement, le Comit\u00e9 d\u2019experts veut rester au plus pr\u00e8s de ce que la feuille de route du pr\u00e9sident de la R\u00e9publique attend de lui, \u00e0 savoir que l&rsquo;amendement de la Constitution soit \u00ab\u00a0la pierre angulaire pour l&rsquo;\u00e9dification d&rsquo;une nouvelle R\u00e9publique afin de r\u00e9aliser les revendications de notre peuple, exprim\u00e9es par le mouvement populaire\u00a0\u00bb.<\/div>\n<\/div>\n<p>Auteur: Ismain<br \/>\n<a href=\"https:\/\/www.reflexiondz.net\/REVISION-CONSTITUTIONNELLE-Appel-a-un-debat-large-et-inclusif_a63231.html\">Cliquez ici pour lire l&rsquo;article depuis sa source.<\/a><\/p>\n","protected":false},"excerpt":{"rendered":"<p>En effet, \u00ab\u00a0les professeurs Ahmed Laraba et Walid Laggoune, respectivement pr\u00e9sident et rapporteur g\u00e9n\u00e9ral du Comit\u00e9 d\u2019experts charg\u00e9 par le pr\u00e9sident de la R\u00e9publique, M. Abdelmadjid Tebboune, de formuler des propositions sur la r\u00e9vision de la Constitution, ont tenu une s\u00e9ance de travail avec le ministre de la Communication, porte-parole du gouvernement, le professeur Ammar [&hellip;]<\/p>\n","protected":false},"author":1740,"featured_media":0,"comment_status":"closed","ping_status":"closed","sticky":false,"template":"","format":"standard","meta":{"fifu_image_url":"","fifu_image_alt":"","footnotes":""},"categories":[53,76],"tags":[],"class_list":["post-88319","post","type-post","status-publish","format-standard","hentry","category-algerie","category-regions"],"_links":{"self":[{"href":"https:\/\/linitiative.ca\/International\/wp-json\/wp\/v2\/posts\/88319","targetHints":{"allow":["GET"]}}],"collection":[{"href":"https:\/\/linitiative.ca\/International\/wp-json\/wp\/v2\/posts"}],"about":[{"href":"https:\/\/linitiative.ca\/International\/wp-json\/wp\/v2\/types\/post"}],"author":[{"embeddable":true,"href":"https:\/\/linitiative.ca\/International\/wp-json\/wp\/v2\/users\/1740"}],"replies":[{"embeddable":true,"href":"https:\/\/linitiative.ca\/International\/wp-json\/wp\/v2\/comments?post=88319"}],"version-history":[{"count":0,"href":"https:\/\/linitiative.ca\/International\/wp-json\/wp\/v2\/posts\/88319\/revisions"}],"wp:attachment":[{"href":"https:\/\/linitiative.ca\/International\/wp-json\/wp\/v2\/media?parent=88319"}],"wp:term":[{"taxonomy":"category","embeddable":true,"href":"https:\/\/linitiative.ca\/International\/wp-json\/wp\/v2\/categories?post=88319"},{"taxonomy":"post_tag","embeddable":true,"href":"https:\/\/linitiative.ca\/International\/wp-json\/wp\/v2\/tags?post=88319"}],"curies":[{"name":"wp","href":"https:\/\/api.w.org\/{rel}","templated":true}]}}