{"id":88320,"date":"2020-06-08T13:29:00","date_gmt":"2020-06-08T17:29:00","guid":{"rendered":"https:\/\/linitiative.ca\/International\/apn-examen-du-projet-visant-a-instituer-le-8-mai-journee-de-la-memoire\/"},"modified":"2020-06-08T13:29:00","modified_gmt":"2020-06-08T17:29:00","slug":"apn-examen-du-projet-visant-a-instituer-le-8-mai-journee-de-la-memoire","status":"publish","type":"post","link":"https:\/\/linitiative.ca\/International\/apn-examen-du-projet-visant-a-instituer-le-8-mai-journee-de-la-memoire\/","title":{"rendered":"APN : Examen du projet visant  \u00e0 instituer le 8 mai, Journ\u00e9e  de la m\u00e9moire"},"content":{"rendered":"<p><br id=\"sep_para_1\" class=\"sep_para access\"\/><\/p>\n<div id=\"para_1\" class=\"para_37350823 resize\">\n<div class=\"texte access firstletter\">Le bureau de l\u2019Assembl\u00e9e populaire nationale (APN) a soumis le projet de loi visant \u00e0 instituer le 8 mai Journ\u00e9e nationale de la m\u00e9moire, \u00e0 la commission des Affaires juridiques, administratives et des libert\u00e9s pour examen, a indiqu\u00e9 un communiqu\u00e9 de la chambre basse du parlement. Apr\u00e8s adoption de l\u2019ordre du jour, le bureau de l\u2019APN r\u00e9uni sous la pr\u00e9sidence de Slimane Chenine, pr\u00e9sident de l\u2019Assembl\u00e9e, a soumis le projet de loi visant \u00e0 instituer le 8 mai, Journ\u00e9e nationale de la m\u00e9moire \u00e0 la commission des affaires juridiques, administratives et des libert\u00e9s pour examen, et charg\u00e9 la commission des finances et du budget d\u2019\u00e9laborer un calendrier consacr\u00e9 \u00e0 l\u2019audition des membres du Gouvernement dans le cadre de l\u2019examen du projet de loi portant r\u00e8glement budg\u00e9taire pour l\u2019exercice 2017, souligne la m\u00eame source. Le bureau de l\u2019APN a \u00e9t\u00e9 inform\u00e9 de la d\u00e9claration d\u2019un nouveau d\u00e9put\u00e9 sur les cas d\u2019incompatibilit\u00e9s avec le mandat parlementaire qu\u2019il a soumise \u00e0 la commission des Affaires juridiques, administratives et des libert\u00e9s pour \u00e9mettre son avis.\u00a0\u00a0\u00a0\u00a0\u00a0\u00a0\u00a0\u00a0\u00a0\u00a0<\/div>\n<\/div>\n<p>Auteur: Ismain<br \/>\n<a href=\"https:\/\/www.reflexiondz.net\/APN-Examen-du-projet-visant-a-instituer-le-8-mai-Journee-de-la-memoire_a63230.html\">Cliquez ici pour lire l&rsquo;article depuis sa source.<\/a><\/p>\n","protected":false},"excerpt":{"rendered":"<p>Le bureau de l\u2019Assembl\u00e9e populaire nationale (APN) a soumis le projet de loi visant \u00e0 instituer le 8 mai Journ\u00e9e nationale de la m\u00e9moire, \u00e0 la commission des Affaires juridiques, administratives et des libert\u00e9s pour examen, a indiqu\u00e9 un communiqu\u00e9 de la chambre basse du parlement. Apr\u00e8s adoption de l\u2019ordre du jour, le bureau de [&hellip;]<\/p>\n","protected":false},"author":1740,"featured_media":0,"comment_status":"closed","ping_status":"closed","sticky":false,"template":"","format":"standard","meta":{"fifu_image_url":"","fifu_image_alt":"","footnotes":""},"categories":[53,76],"tags":[],"class_list":["post-88320","post","type-post","status-publish","format-standard","hentry","category-algerie","category-regions"],"_links":{"self":[{"href":"https:\/\/linitiative.ca\/International\/wp-json\/wp\/v2\/posts\/88320","targetHints":{"allow":["GET"]}}],"collection":[{"href":"https:\/\/linitiative.ca\/International\/wp-json\/wp\/v2\/posts"}],"about":[{"href":"https:\/\/linitiative.ca\/International\/wp-json\/wp\/v2\/types\/post"}],"author":[{"embeddable":true,"href":"https:\/\/linitiative.ca\/International\/wp-json\/wp\/v2\/users\/1740"}],"replies":[{"embeddable":true,"href":"https:\/\/linitiative.ca\/International\/wp-json\/wp\/v2\/comments?post=88320"}],"version-history":[{"count":0,"href":"https:\/\/linitiative.ca\/International\/wp-json\/wp\/v2\/posts\/88320\/revisions"}],"wp:attachment":[{"href":"https:\/\/linitiative.ca\/International\/wp-json\/wp\/v2\/media?parent=88320"}],"wp:term":[{"taxonomy":"category","embeddable":true,"href":"https:\/\/linitiative.ca\/International\/wp-json\/wp\/v2\/categories?post=88320"},{"taxonomy":"post_tag","embeddable":true,"href":"https:\/\/linitiative.ca\/International\/wp-json\/wp\/v2\/tags?post=88320"}],"curies":[{"name":"wp","href":"https:\/\/api.w.org\/{rel}","templated":true}]}}