{"id":88321,"date":"2020-06-08T13:29:00","date_gmt":"2020-06-08T17:29:00","guid":{"rendered":"https:\/\/linitiative.ca\/International\/tizi-ouzou-decouverte-dun-specimen-de-moustique-tigre\/"},"modified":"2020-06-08T13:29:00","modified_gmt":"2020-06-08T17:29:00","slug":"tizi-ouzou-decouverte-dun-specimen-de-moustique-tigre","status":"publish","type":"post","link":"https:\/\/linitiative.ca\/International\/tizi-ouzou-decouverte-dun-specimen-de-moustique-tigre\/","title":{"rendered":"TIZI-OUZOU : D\u00e9couverte d\u2019un sp\u00e9cimen  de moustique-tigre"},"content":{"rendered":"<p><br id=\"sep_para_1\" class=\"sep_para access\"\/><\/p>\n<div id=\"para_1\" class=\"para_37350817 resize\">\n<div class=\"texte access firstletter\">Un sp\u00e9cimen de moustique-tigre a \u00e9t\u00e9 d\u00e9couvert \u00e0 Ain El Hemmam au Sud-est de Tizi-Ouzou, a indiqu\u00e9 une source m\u00e9diatique, citant le responsable de la pr\u00e9vention aupr\u00e8s de la Direction locale de la sant\u00e9 (DSP). Selon la m\u00eame source, une enqu\u00eate devrait \u00eatre men\u00e9e par les services de l\u2019EPSP d\u2019Iferhoun\u00e8ne en collaboration avec le bureau d\u2019hygi\u00e8ne de la commune pour d\u00e9terminer son origine, conform\u00e9ment aux instructions du minist\u00e8re de la Sant\u00e9. Le sp\u00e9cimen en question a \u00e9t\u00e9 amen\u00e9 \u00e0 l\u2019EPSP d\u2019Iferhoun\u00e8ne par un citoyen du village Aourir qui a \u00ab eu le r\u00e9flexe de le capturer apr\u00e8s avoir constat\u00e9 qu\u2019il avait les caract\u00e9ristiques de ce moustique, grand de taille et travers\u00e9 de rayures noires et blanches \u00bb a pr\u00e9cis\u00e9 le responsable de la pr\u00e9vention aupr\u00e8s de Tizi ouzou. \u00ab C\u2019est un moustique d\u2019importation qui peut vivre jusqu\u2019\u00e0 un mois dans les bagages, soit \u00e0 l\u2019\u00e9tat larvaire, soit sous forme de moustique et dont les causes principales sont les marchandises usag\u00e9es import\u00e9es, (v\u00eatements, pneus\u2026etc), import\u00e9es d\u2019Europe, notamment, de France qui souffre beaucoup de ce fl\u00e9au \u00bb, a-t-il expliqu\u00e9.<\/div>\n<\/div>\n<p>Auteur: Nadine<br \/>\n<a href=\"https:\/\/www.reflexiondz.net\/TIZI-OUZOU-Decouverte-d-un-specimen-de-moustique-tigre_a63229.html\">Cliquez ici pour lire l&rsquo;article depuis sa source.<\/a><\/p>\n","protected":false},"excerpt":{"rendered":"<p>Un sp\u00e9cimen de moustique-tigre a \u00e9t\u00e9 d\u00e9couvert \u00e0 Ain El Hemmam au Sud-est de Tizi-Ouzou, a indiqu\u00e9 une source m\u00e9diatique, citant le responsable de la pr\u00e9vention aupr\u00e8s de la Direction locale de la sant\u00e9 (DSP). Selon la m\u00eame source, une enqu\u00eate devrait \u00eatre men\u00e9e par les services de l\u2019EPSP d\u2019Iferhoun\u00e8ne en collaboration avec le bureau [&hellip;]<\/p>\n","protected":false},"author":1740,"featured_media":0,"comment_status":"closed","ping_status":"closed","sticky":false,"template":"","format":"standard","meta":{"fifu_image_url":"","fifu_image_alt":"","footnotes":""},"categories":[53,76],"tags":[],"class_list":["post-88321","post","type-post","status-publish","format-standard","hentry","category-algerie","category-regions"],"_links":{"self":[{"href":"https:\/\/linitiative.ca\/International\/wp-json\/wp\/v2\/posts\/88321","targetHints":{"allow":["GET"]}}],"collection":[{"href":"https:\/\/linitiative.ca\/International\/wp-json\/wp\/v2\/posts"}],"about":[{"href":"https:\/\/linitiative.ca\/International\/wp-json\/wp\/v2\/types\/post"}],"author":[{"embeddable":true,"href":"https:\/\/linitiative.ca\/International\/wp-json\/wp\/v2\/users\/1740"}],"replies":[{"embeddable":true,"href":"https:\/\/linitiative.ca\/International\/wp-json\/wp\/v2\/comments?post=88321"}],"version-history":[{"count":0,"href":"https:\/\/linitiative.ca\/International\/wp-json\/wp\/v2\/posts\/88321\/revisions"}],"wp:attachment":[{"href":"https:\/\/linitiative.ca\/International\/wp-json\/wp\/v2\/media?parent=88321"}],"wp:term":[{"taxonomy":"category","embeddable":true,"href":"https:\/\/linitiative.ca\/International\/wp-json\/wp\/v2\/categories?post=88321"},{"taxonomy":"post_tag","embeddable":true,"href":"https:\/\/linitiative.ca\/International\/wp-json\/wp\/v2\/tags?post=88321"}],"curies":[{"name":"wp","href":"https:\/\/api.w.org\/{rel}","templated":true}]}}