{"id":88322,"date":"2020-06-08T13:29:00","date_gmt":"2020-06-08T17:29:00","guid":{"rendered":"https:\/\/linitiative.ca\/International\/protection-civile-lancement-dune-campagne-de-sensibilisation-sur-les-incendies\/"},"modified":"2020-06-08T13:29:00","modified_gmt":"2020-06-08T17:29:00","slug":"protection-civile-lancement-dune-campagne-de-sensibilisation-sur-les-incendies","status":"publish","type":"post","link":"https:\/\/linitiative.ca\/International\/protection-civile-lancement-dune-campagne-de-sensibilisation-sur-les-incendies\/","title":{"rendered":"PROTECTION CIVILE : Lancement d&rsquo;une campagne de sensibilisation sur les incendies"},"content":{"rendered":"<p><br id=\"sep_para_1\" class=\"sep_para access\"\/><\/p>\n<div id=\"para_1\" class=\"para_37350811 resize\">\n<div class=\"texte access firstletter\">La Protection civile a annonc\u00e9 le lancement lundi d&rsquo;une campagne nationale de pr\u00e9vention et de sensibilisation sur la lutte contre les incendies de r\u00e9coltes, notamment dans les r\u00e9gions des hauts plateaux connues pour la production c\u00e9r\u00e9ali\u00e8re, et dont le coup d&rsquo;envoi sera donn\u00e9 depuis la wilaya de Tiaret, \u00e0\u00a0 indiqu\u00e9 un communiqu\u00e9 des services de la Protections civile. Cette campagne, qui s&rsquo;inscrit dans le cadre du programme annuel de pr\u00e9vention et de sensibilisation, va cibler les agriculteurs et les cultivateurs en vue de les \u00ab\u00a0sensibiliser sur la n\u00e9cessit\u00e9 de respecter et d&rsquo;appliquer int\u00e9gralement les mesures pr\u00e9ventives, afin d&rsquo;\u00e9viter le d\u00e9clenchement des incendies, et les mesures \u00e0 mettre en place pendant et apr\u00e8s l&rsquo;ach\u00e8vement du processus de r\u00e9colte\u00a0\u00bb, pr\u00e9cise le communiqu\u00e9. La m\u00eame source rappelle, dans ce cadre, que durant les cinq derni\u00e8res ann\u00e9es, les causes principales du d\u00e9clenchement des incendies, sont dues, notamment \u00e0 l&rsquo;absence de l&rsquo;application des mesures pr\u00e9ventives de protection des terres agricoles, l&rsquo;absence de la distance de s\u00e9curit\u00e9 entre les routes et les terres agricoles, le manque des citernes d&rsquo;eau avec une capacit\u00e9 suffisante pour maitriser les d\u00e9buts d&rsquo;incendies. Par la m\u00eame occasion, la Protection civile mets en place aux profits des agriculteurs un dispositif op\u00e9rationnel compos\u00e9 de moyens humains et mat\u00e9riels d&rsquo;extinction d&rsquo;incendie, visant \u00e0 ma\u00eetriser les incendies d\u00e8s leurs d\u00e9clenchement et ainsi \u00e9viter les pertes de r\u00e9coltes, pr\u00e9cise le communiqu\u00e9, ajoutant que les services de la Protection civile ont renforc\u00e9 et renouvel\u00e9 les moyens mat\u00e9riels de lutte contre ce type d&rsquo;incendies.\u00a0<\/div>\n<\/div>\n<p>Auteur: Ismain<br \/>\n<a href=\"https:\/\/www.reflexiondz.net\/PROTECTION-CIVILE-Lancement-d-une-campagne-de-sensibilisation-sur-les-incendies_a63228.html\">Cliquez ici pour lire l&rsquo;article depuis sa source.<\/a><\/p>\n","protected":false},"excerpt":{"rendered":"<p>La Protection civile a annonc\u00e9 le lancement lundi d&rsquo;une campagne nationale de pr\u00e9vention et de sensibilisation sur la lutte contre les incendies de r\u00e9coltes, notamment dans les r\u00e9gions des hauts plateaux connues pour la production c\u00e9r\u00e9ali\u00e8re, et dont le coup d&rsquo;envoi sera donn\u00e9 depuis la wilaya de Tiaret, \u00e0\u00a0 indiqu\u00e9 un communiqu\u00e9 des services de [&hellip;]<\/p>\n","protected":false},"author":1740,"featured_media":0,"comment_status":"closed","ping_status":"closed","sticky":false,"template":"","format":"standard","meta":{"fifu_image_url":"","fifu_image_alt":"","footnotes":""},"categories":[53,76],"tags":[],"class_list":["post-88322","post","type-post","status-publish","format-standard","hentry","category-algerie","category-regions"],"_links":{"self":[{"href":"https:\/\/linitiative.ca\/International\/wp-json\/wp\/v2\/posts\/88322","targetHints":{"allow":["GET"]}}],"collection":[{"href":"https:\/\/linitiative.ca\/International\/wp-json\/wp\/v2\/posts"}],"about":[{"href":"https:\/\/linitiative.ca\/International\/wp-json\/wp\/v2\/types\/post"}],"author":[{"embeddable":true,"href":"https:\/\/linitiative.ca\/International\/wp-json\/wp\/v2\/users\/1740"}],"replies":[{"embeddable":true,"href":"https:\/\/linitiative.ca\/International\/wp-json\/wp\/v2\/comments?post=88322"}],"version-history":[{"count":0,"href":"https:\/\/linitiative.ca\/International\/wp-json\/wp\/v2\/posts\/88322\/revisions"}],"wp:attachment":[{"href":"https:\/\/linitiative.ca\/International\/wp-json\/wp\/v2\/media?parent=88322"}],"wp:term":[{"taxonomy":"category","embeddable":true,"href":"https:\/\/linitiative.ca\/International\/wp-json\/wp\/v2\/categories?post=88322"},{"taxonomy":"post_tag","embeddable":true,"href":"https:\/\/linitiative.ca\/International\/wp-json\/wp\/v2\/tags?post=88322"}],"curies":[{"name":"wp","href":"https:\/\/api.w.org\/{rel}","templated":true}]}}