{"id":88339,"date":"2020-06-08T13:31:27","date_gmt":"2020-06-08T17:31:27","guid":{"rendered":"https:\/\/linitiative.ca\/International\/coronavirus-8302-cas-cumules-lundi-a-18-heures-7408-guerisons\/"},"modified":"2020-06-08T13:31:27","modified_gmt":"2020-06-08T17:31:27","slug":"coronavirus-8302-cas-cumules-lundi-a-18-heures-7408-guerisons","status":"publish","type":"post","link":"https:\/\/linitiative.ca\/International\/coronavirus-8302-cas-cumules-lundi-a-18-heures-7408-guerisons\/","title":{"rendered":"Coronavirus : 8302 cas cumul\u00e9s lundi \u00e0 18 heures, 7408 gu\u00e9risons"},"content":{"rendered":"<p><strong>Voici le nouveau bilan du minist\u00e8re de la Sant\u00e9.\u00a0<\/strong><\/p>\n<div class=\"c10\"\/>\n<p>Le <strong>minist\u00e8re de la Sant\u00e9<\/strong> annonce que le Maroc a enregistr\u00e9 ces derni\u00e8res 24 heures, 78 nouveaux cas de contamination au <strong>coronavirus<\/strong>. Le bilan global des cas positifs s\u2019\u00e9l\u00e8ve d\u00e9sormais \u00e0 8302. Le nombre de d\u00e9c\u00e8s s\u2019est maintenu \u00e0 208.<\/p>\n<p><strong>Lire aussi|<a href=\"https:\/\/www.challenge.ma\/solidarite-face-au-covid-19-encore-un-effort-messieurs-les-assureurs-143523\/\">Solidarit\u00e9 face au Covid 19 : Encore un effort, Messieurs les assureurs !<\/a><\/strong><\/p>\n<p>De son c\u00f4t\u00e9, le nombre de gu\u00e9risons s\u2019\u00e9l\u00e8ve \u00e0 7408 (soit 44 nouvelles gu\u00e9risons). Notons que la r\u00e9gion de Marrakech-Safi a enregistr\u00e9 trois <strong>nouvelles r\u00e9missions<\/strong> ces derni\u00e8res heures, portant \u00e0 1.275 le nombre des personnes d\u00e9clar\u00e9es d\u00e9finitivement r\u00e9tablies dans la r\u00e9gion depuis le d\u00e9clenchement de la pand\u00e9mie. Ainsi, le taux de gu\u00e9rison dans cette r\u00e9gion s\u2019\u00e9l\u00e8ve \u00e0 87,8%.<\/p>\n<div class=\"c17\">\n<fieldset class=\"c16\">\n<legend><strong><span class=\"c11\">Challenge<\/span><span class=\"c12\">news<\/span><\/strong><\/legend>\n<div class=\"c15\">Le meilleur de Challenge s\u00e9lectionn\u00e9 par la r\u00e9daction :<\/p>\n<\/div>\n<\/fieldset>\n<\/div>\n<p>Auteur: challenge<br \/>\n<a href=\"https:\/\/www.challenge.ma\/coronavirus-8302-cas-cumules-lundi-a-18-heures-7408-guerisons-143594\/\">Cliquez ici pour lire l&rsquo;article depuis sa source.<\/a><\/p>\n","protected":false},"excerpt":{"rendered":"<p>Voici le nouveau bilan du minist\u00e8re de la Sant\u00e9.\u00a0 Le minist\u00e8re de la Sant\u00e9 annonce que le Maroc a enregistr\u00e9 ces derni\u00e8res 24 heures, 78 nouveaux cas de contamination au coronavirus. Le bilan global des cas positifs s\u2019\u00e9l\u00e8ve d\u00e9sormais \u00e0 8302. Le nombre de d\u00e9c\u00e8s s\u2019est maintenu \u00e0 208. Lire aussi|Solidarit\u00e9 face au Covid 19 [&hellip;]<\/p>\n","protected":false},"author":1787,"featured_media":0,"comment_status":"closed","ping_status":"closed","sticky":false,"template":"","format":"standard","meta":{"fifu_image_url":"","fifu_image_alt":"","footnotes":""},"categories":[78,54],"tags":[],"class_list":["post-88339","post","type-post","status-publish","format-standard","hentry","category-economie","category-maroc"],"_links":{"self":[{"href":"https:\/\/linitiative.ca\/International\/wp-json\/wp\/v2\/posts\/88339","targetHints":{"allow":["GET"]}}],"collection":[{"href":"https:\/\/linitiative.ca\/International\/wp-json\/wp\/v2\/posts"}],"about":[{"href":"https:\/\/linitiative.ca\/International\/wp-json\/wp\/v2\/types\/post"}],"author":[{"embeddable":true,"href":"https:\/\/linitiative.ca\/International\/wp-json\/wp\/v2\/users\/1787"}],"replies":[{"embeddable":true,"href":"https:\/\/linitiative.ca\/International\/wp-json\/wp\/v2\/comments?post=88339"}],"version-history":[{"count":0,"href":"https:\/\/linitiative.ca\/International\/wp-json\/wp\/v2\/posts\/88339\/revisions"}],"wp:attachment":[{"href":"https:\/\/linitiative.ca\/International\/wp-json\/wp\/v2\/media?parent=88339"}],"wp:term":[{"taxonomy":"category","embeddable":true,"href":"https:\/\/linitiative.ca\/International\/wp-json\/wp\/v2\/categories?post=88339"},{"taxonomy":"post_tag","embeddable":true,"href":"https:\/\/linitiative.ca\/International\/wp-json\/wp\/v2\/tags?post=88339"}],"curies":[{"name":"wp","href":"https:\/\/api.w.org\/{rel}","templated":true}]}}