{"id":88342,"date":"2020-06-08T14:23:36","date_gmt":"2020-06-08T18:23:36","guid":{"rendered":"https:\/\/linitiative.ca\/International\/geopolitique-35-millions-928-mille-mercis-majeste\/"},"modified":"2020-06-08T14:23:36","modified_gmt":"2020-06-08T18:23:36","slug":"geopolitique-35-millions-928-mille-mercis-majeste","status":"publish","type":"post","link":"https:\/\/linitiative.ca\/International\/geopolitique-35-millions-928-mille-mercis-majeste\/","title":{"rendered":"G\u00e9opolitique : 35 millions 928 mille mercis, Majest\u00e9"},"content":{"rendered":"<p><strong>Les sp\u00e9cialistes sont unanimes ! La Covid-19 a totalement boulevers\u00e9 la donne en mati\u00e8re de g\u00e9opolitique mondiale. D\u00e9sormais, les \u00c9tats confront\u00e9s \u00e0 de nouvelles r\u00e9alit\u00e9s socio\u00e9conomiques doivent d\u00e9ployer imp\u00e9rativement des strat\u00e9gies in\u00e9dites pour pouvoir faire face aux enjeux \u00e0 venir. Un nouvel ordre mondial dans lequel le Maroc a plusieurs cartes \u00e0 abattre. \u00a0<\/strong><\/p>\n<div class=\"c10\"\/>\n<p>Le constat est sans appel et les lendemains d\u2019ores et d\u00e9j\u00e0 tr\u00e8s difficiles au sortir de la phase de confinement ! La pand\u00e9mie de la Covid-19 a paralys\u00e9 une grande partie de l\u2019\u00e9conomie mondiale, qui est en train de se diriger vers une r\u00e9cession de grande ampleur. De fait, une nouvelle organisation du globe est en train de se fa\u00e7onner, laissant pr\u00e9sager que les changements en mati\u00e8re de g\u00e9opolitique impacteront les rapports de force et les tensions entre \u00c9tats. <em>\u00abLe populisme et les mouvements protestataires auront \u00e9galement tendance \u00e0 s\u2019amplifier de par le monde, concomitamment avec cette crise qui les nourrit\u00bb<\/em>, nous pr\u00e9cise <a href=\"https:\/\/www.challenge.ma\/coronavirus-la-deuxieme-vague-sera-economique-142356\/\">Adil Mesbahi<\/a>. Et cet expert en Intelligence Economique et Strat\u00e9gique, dipl\u00f4m\u00e9 de l\u2019\u00c9cole de Guerre Economique de Paris d\u2019ajouter : <em>\u00abet il y a fort \u00e0 parier que les populations, compte tenu des cons\u00e9quences humaines, sociales et \u00e9conomiques g\u00e9n\u00e9r\u00e9es par cette pand\u00e9mie, opteront, au choix, pour une g\u00e9opolitique de la col\u00e8re ou de l\u2019espoir\u00bb<\/em>. Dans ce contexte de pand\u00e9mie, force est de constater que le Maroc est parvenu \u00e0 tirer favorablement son \u00e9pingle du jeu, s\u2019agissant de la gestion de la crise sanitaire. Cette derni\u00e8re a d\u2019ailleurs \u00e9t\u00e9 salu\u00e9e, tant sur le territoire national par les instances dirigeantes et par la population, qu\u2019\u00e0 l\u2019international par de nombreux pays.<\/p>\n<p><strong>La gestion marocaine cit\u00e9e en exemple<\/strong><\/p>\n<p><strong>\u00ab<\/strong><em>Nous pouvons remercier chaleureusement Sa Majest\u00e9 le Roi Mohammed VI, qui a d\u00e9ploy\u00e9 dans cette optique plusieurs initiatives remarquables depuis le d\u00e9but de cette crise<\/em>\u00bb, nous rappelle <a href=\"https:\/\/www.challenge.ma\/coronavirus-le-soft-power-des-masques-140271\/\">Mehdi Hijaouy<\/a>, lui aussi expert en Intelligence Economique et Strat\u00e9gique, dipl\u00f4m\u00e9 de l\u2019\u00c9cole de Guerre Economique de Paris. R\u00e9trospectivement, plusieurs initiatives ont \u00e9t\u00e9 impuls\u00e9es par le Souverain. C\u2019est le cas notamment du Fonds Sp\u00e9cial de Solidarit\u00e9 qui a totalis\u00e9 33 milliards de DH, auxquels il faut ajouter 4,5 milliards de DH en provenance de l\u2019Union europ\u00e9enne. Par ailleurs, le plan de soutien envers le Royaume va repr\u00e9senter plus de 3% du PIB. Les succ\u00e8s sont cons\u00e9cutifs \u00e0 la vision de Sa Majest\u00e9 et \u00e0 ses priorit\u00e9s, en premier lieu, sa pr\u00e9occupation en mati\u00e8re de sant\u00e9 de ses sujets.<\/p>\n<p><strong>Lire aussi|<a href=\"https:\/\/www.challenge.ma\/solidarite-face-au-covid-19-encore-un-effort-messieurs-les-assureurs-143523\/\">Solidarit\u00e9 face au Covid 19 : encore un effort, Messieurs les assureurs !<\/a><\/strong><\/p>\n<p>Aujourd\u2019hui, apr\u00e8s environ trois mois de crise, les chiffres parlent. D\u2019abord, le bilan sanitaire, environ 7 000 personnes contamin\u00e9es, dont plus de 200 d\u00e9c\u00e8s, contrastant avec les bilans beaucoup plus douloureux de certains pays. Ensuite, le bilan social, notamment l\u2019aide mensuelle de subsistance d\u2019au moins 800 DH pour 3,7 millions de b\u00e9n\u00e9ficiaires, n\u2019est pas pass\u00e9 inaper\u00e7ue. Enfin, les mesures de soutien \u00e9conomique et les r\u00e9alisations industrielles, notamment en mati\u00e8re de production et d\u2019exportation de masques de protection, ont fait date dans le Royaume. Ajoutez-y les nombreuses actions de solidarit\u00e9 sociale et l\u2019excellente protection s\u00e9curitaire. Nos deux interlocuteurs qui soulignent de concert, que Sa Majest\u00e9 a \u00e9galement lanc\u00e9 une initiative visant \u00e0 partager le savoir et la technologie avec le reste du Continent. Un cadre op\u00e9rationnel qui a permis au Royaume d\u2019accompagner plusieurs pays alli\u00e9s dans leur gestion de la pand\u00e9mie. Faut-il pr\u00e9ciser que cette initiative r\u00e9gionale a \u00e9t\u00e9 salu\u00e9e par le parlement panafricain, institution l\u00e9gislative de l\u2019Union africaine, mais aussi par l\u2019Union europ\u00e9enne.<\/p>\n<p><strong>De grands d\u00e9fis \u00e0 relever pour le pays<\/strong><\/p>\n<p>Le Maroc, qui gagnerait \u00e0 saisir cette fen\u00eatre d\u2019opportunit\u00e9 r\u00e9sultant de la pand\u00e9mie pour consolider, d\u2019un point de vue g\u00e9ostrat\u00e9gique, son statut de puissance r\u00e9gionale \u00e0 l\u2019\u00e9chelle africaine et m\u00e9diterran\u00e9enne. Faut-il se souvenir que depuis sa r\u00e9int\u00e9gration au sein de la famille institutionnelle africaine en janvier 2017, le Royaume n\u2019a eu de cesse de prodiguer une approche collaborative au profit de tous. C\u2019est d\u2019ailleurs le cas notamment au niveau de la s\u00e9curit\u00e9 alimentaire, sur le plan de la coop\u00e9ration dans le domaine des migrations, voire sur celui de la lutte contre le terrorisme. Par ailleurs, la future Zone de libre-\u00e9change continentale africaine (ZLECA) pr\u00e9vue en juillet prochain, repr\u00e9sente un r\u00e9el gisement d\u2019opportunit\u00e9s, souligne Mehdi Hijaouy. \u00ab<em>Il s\u2019agit d\u2019un march\u00e9 de plus de 1,2 milliard de consommateurs \u00e0 m\u00eame de g\u00e9n\u00e9rer un volume d\u2019\u00e9change mon\u00e9taire estim\u00e9 \u00e0 plus de 3.000 milliards de dollars\u00bb<\/em>. Et notre interlocuteur de marteler : <em>\u00able challenge est l\u00e0 ! Certains d\u00e9fis s\u2019imposent et s\u2019imposeront \u00e0 nous, et certaines opportunit\u00e9s s\u2019offrent et s\u2019offriront \u00e0 nous\u00bb<\/em>. En attendant la phase de d\u00e9confinement qui s\u2019op\u00e9rera dans le Royaume le 10 juin prochain, le d\u00e9marrage de la machine \u00e9conomique, dont les premiers balbutiements se font d\u00e9j\u00e0 entendre, devrait prendre sa vitesse de croisi\u00e8re dans les mois \u00e0 venir. Dans cette optique, les conclusions des travaux de la Commission Sp\u00e9ciale pour le Mod\u00e8le de D\u00e9veloppement sont attendues pour \u00e9clairer l\u2019avenir. Comme le souligne Mehdi Hijaouy, <em>\u00abnotre \u00e9conomie de demain devra \u00eatre plus r\u00e9siliante et plus tourn\u00e9e vers notre continent\u00bb.<\/em><\/p>\n<div class=\"c17\">\n<fieldset class=\"c16\">\n<legend><strong><span class=\"c11\">Challenge<\/span><span class=\"c12\">news<\/span><\/strong><\/legend>\n<div class=\"c15\">Le meilleur de Challenge s\u00e9lectionn\u00e9 par la r\u00e9daction :<\/p>\n<\/div>\n<\/fieldset>\n<\/div>\n<p>Auteur: David J\u00e9r\u00e9mie<br \/>\n<a href=\"https:\/\/www.challenge.ma\/geopolitique-35-millions-928-mille-mercis-majeste-143606\/\">Cliquez ici pour lire l&rsquo;article depuis sa source.<\/a><\/p>\n","protected":false},"excerpt":{"rendered":"<p>Les sp\u00e9cialistes sont unanimes ! La Covid-19 a totalement boulevers\u00e9 la donne en mati\u00e8re de g\u00e9opolitique mondiale. D\u00e9sormais, les \u00c9tats confront\u00e9s \u00e0 de nouvelles r\u00e9alit\u00e9s socio\u00e9conomiques doivent d\u00e9ployer imp\u00e9rativement des strat\u00e9gies in\u00e9dites pour pouvoir faire face aux enjeux \u00e0 venir. Un nouvel ordre mondial dans lequel le Maroc a plusieurs cartes \u00e0 abattre. \u00a0 Le [&hellip;]<\/p>\n","protected":false},"author":1787,"featured_media":0,"comment_status":"closed","ping_status":"closed","sticky":false,"template":"","format":"standard","meta":{"fifu_image_url":"","fifu_image_alt":"","footnotes":""},"categories":[78,54],"tags":[],"class_list":["post-88342","post","type-post","status-publish","format-standard","hentry","category-economie","category-maroc"],"_links":{"self":[{"href":"https:\/\/linitiative.ca\/International\/wp-json\/wp\/v2\/posts\/88342","targetHints":{"allow":["GET"]}}],"collection":[{"href":"https:\/\/linitiative.ca\/International\/wp-json\/wp\/v2\/posts"}],"about":[{"href":"https:\/\/linitiative.ca\/International\/wp-json\/wp\/v2\/types\/post"}],"author":[{"embeddable":true,"href":"https:\/\/linitiative.ca\/International\/wp-json\/wp\/v2\/users\/1787"}],"replies":[{"embeddable":true,"href":"https:\/\/linitiative.ca\/International\/wp-json\/wp\/v2\/comments?post=88342"}],"version-history":[{"count":0,"href":"https:\/\/linitiative.ca\/International\/wp-json\/wp\/v2\/posts\/88342\/revisions"}],"wp:attachment":[{"href":"https:\/\/linitiative.ca\/International\/wp-json\/wp\/v2\/media?parent=88342"}],"wp:term":[{"taxonomy":"category","embeddable":true,"href":"https:\/\/linitiative.ca\/International\/wp-json\/wp\/v2\/categories?post=88342"},{"taxonomy":"post_tag","embeddable":true,"href":"https:\/\/linitiative.ca\/International\/wp-json\/wp\/v2\/tags?post=88342"}],"curies":[{"name":"wp","href":"https:\/\/api.w.org\/{rel}","templated":true}]}}