{"id":88356,"date":"2020-06-08T16:26:27","date_gmt":"2020-06-08T20:26:27","guid":{"rendered":"https:\/\/linitiative.ca\/International\/yezouma-coulibaly-militaire-radie-de-caporal-a-entrepreneur-agricole\/"},"modified":"2020-06-08T16:26:27","modified_gmt":"2020-06-08T20:26:27","slug":"yezouma-coulibaly-militaire-radie-de-caporal-a-entrepreneur-agricole","status":"publish","type":"post","link":"https:\/\/linitiative.ca\/International\/yezouma-coulibaly-militaire-radie-de-caporal-a-entrepreneur-agricole\/","title":{"rendered":"Y\u00e9zouma Coulibaly, militaire radi\u00e9  : de caporal \u00e0 entrepreneur agricole"},"content":{"rendered":"<div class=\"td-post-featured-image\"><a href=\"https:\/\/www.sidwaya.info\/wp-content\/uploads\/2020\/06\/1-13.jpg\" data-caption=\"\"><img loading=\"lazy\" decoding=\"async\" width=\"595\" height=\"388\" class=\"entry-thumb td-modal-image\" src=\"https:\/\/www.sidwaya.info\/wp-content\/uploads\/2020\/06\/1-13.jpg\" srcset=\"https:\/\/www.sidwaya.info\/wp-content\/uploads\/2020\/06\/1-13.jpg 595w, https:\/\/www.sidwaya.info\/wp-content\/uploads\/2020\/06\/1-13-300x196.jpg 300w\" sizes=\"auto, (max-width: 595px) 100vw, 595px\" alt=\"\" title=\"1\"\/><\/a><\/div>\n<p><strong>Dans le lot des militaires radi\u00e9s, il constitue un bel exemple de reconversion. Depuis son d\u00e9part de l\u2019arm\u00e9e en 2011, Y\u00e9zouma Coulibaly s\u2019est transform\u00e9, avec succ\u00e8s, en entrepreneur agricole dans sa commune natale de Solenzo. Portrait.<\/strong><\/p>\n<p>N\u00e9 en 1985 \u00e0 Bay\u00e9 dans la commune de Solenzo (r\u00e9gion de la Boucle du Mouhoun), Y\u00e9zouma Coulibaly a int\u00e9gr\u00e9 les Forces arm\u00e9es burkinab\u00e9 en 2003. De soldat de 2\u00e8me classe, il entame son service pour passer au grade de caporal en 2008, ann\u00e9e au cours de laquelle il obtient \u00e9galement\u00a0le certificat de sp\u00e9cialit\u00e9 N\u00b01 \u00ab\u00a0Gestion des Ressources Humaines\u00a0\u00bb. Mais son aventure au sein de l\u2019arm\u00e9e va prendre fin avec sa radiation \u00e0 la suite des mutineries de 2011. \u00ab\u00a0Je me demandais ce que j\u2019ai bien pu faire au Bon Dieu pour m\u00e9riter cette radiation des effectifs des Forces arm\u00e9es burkinab\u00e8\u00a0\u00bb, s\u2019interroge encore M. Coulibaly, qui d\u00e9nonce une sanction \u00ab\u00a0injustifi\u00e9e\u00a0\u00bb. Au lieu de se r\u00e9signer, celui qui \u00e9tait en passe de devenir sergent va se battre autrement pour survivre. Il va se lancer dans l\u2019agriculture et l\u2019\u00e9levage dans son village natal, Bay\u00e9. \u00ab\u00a0De toute \u00e9vidence, la terre est la premi\u00e8re source de richesse, et tant que l\u2019on accepte d\u2019y investir, l\u2019on ne le regrette jamais\u00a0\u00bb, confie le militaire, qui semble manifestement avoir pris une bonne direction. Sa reconversion est un succ\u00e8s. A force d\u2019abn\u00e9gation et de courage, il dirige de nos jours l\u2019entreprise de production de semences et de vente d\u2019intrants agricoles, MABASSOUW\u00c9 de Bay\u00e9 (EMB), qu\u2019il a cr\u00e9\u00e9e. Le b\u00e2timent, qui abrite la soci\u00e9t\u00e9, est compos\u00e9 d\u2019une boutique de vente de semences am\u00e9lior\u00e9es et d\u2019intrants agricoles, d\u2019un bureau et d\u2019un magasin de stockage pouvant contenir environ 50 tonnes de c\u00e9r\u00e9ales.<\/p>\n<p><strong>\u00ab Il s\u2019en sort mieux..\u00a0\u00bb<\/strong><\/p>\n<div class=\"td-a-rec td-a-rec-id-content_inline tdi_30_1ea td_block_template_1\"><img loading=\"lazy\" decoding=\"async\" class=\"aligncenter size-full wp-image-21314\" src=\"https:\/\/www.sidwaya.info\/wp-content\/uploads\/2020\/04\/Bandeau-Covid-19-Sidwaya-1.jpg\" alt=\"\" width=\"790\" height=\"98\"\/><\/div>\n<p>Depuis, qu\u2019il s\u2019est reconverti en agriculteur-\u00e9leveur, Y\u00e9zouma Coulibaly fait parler de lui. Il poss\u00e8de plus d\u2019une trentaine de t\u00eates de b\u0153ufs, de petits ruminants et plus de 100 t\u00eates de volaille. Lors de la campagne agricole 2016-2017, sa production a g\u00e9n\u00e9r\u00e9 54 tonnes de c\u00e9r\u00e9ales compos\u00e9es de ma\u00efs, sorgho, s\u00e9same et riz, sur une superficie de 20 hectares emblav\u00e9es. Pour la campagne 2017-2018, il a emblav\u00e9 24 hectares, superficie qui a g\u00e9n\u00e9r\u00e9 46 tonnes de c\u00e9r\u00e9ales. Au cours de la campagne 2018-2019, le caporal devenu entrepreneur agricole s\u2019en est tir\u00e9 avec 47,92 tonnes de c\u00e9r\u00e9ales. La situation des productions de ces trois derni\u00e8res ann\u00e9es donne un total de 147.92 tonnes de c\u00e9r\u00e9ales, seulement par traction animale (charrue, butteur, semoir, houe-manga). Tr\u00e8s ambitieux, Y\u00e9zouma Coulibaly vient d\u2019acqu\u00e9rir un tracteur pour la campagne humide 2020-2021. Mais ce producteur, plus que d\u00e9termin\u00e9, ne conna\u00eet pas seulement que la saison humide. Pour la campagne de saison s\u00e8che 2020, il a emblav\u00e9 trois hectares d\u2019oignon, et cela a g\u00e9n\u00e9r\u00e9 15 tonnes. Pour la tomate qu\u2019il produit \u00e9galement, 120 caisses ont \u00e9t\u00e9 r\u00e9colt\u00e9es. Il s\u2019investit dans la culture mara\u00eech\u00e8re, \u00e0 l\u2019aide d\u2019un puits de sept m\u00e8tres de profondeur et deux motopompes. Il exp\u00e9rimente actuellement l\u2019oignon hivernal appel\u00e9 \u00ab\u00a0Perma\u00a0\u00bb.<\/p>\n<p>Au sein de sa communaut\u00e9, Y\u00e9zouma Coulibaly, qui garde le silence sur ses revenus, force l\u2019admiration. \u00ab\u00a0Courageux et travailleur, il nous livre une vraie le\u00e7on de courage depuis sa radiation des effectifs des rangs des Forces arm\u00e9es burkinab\u00e8. Il a pris une bonne et sage r\u00e9solution. Il est devenu un exemple non seulement pour les jeunes sans emploi, mais aussi pour d\u2019autres. Son courage a prouv\u00e9 que \u00e0 tout probl\u00e8me, il y a une solution. Au lieu de toujours compter sur l\u2019Etat et esp\u00e9rer une r\u00e9habilitation, il a su trouver la solution \u00bb, commente un jeune agriculteur de sa g\u00e9n\u00e9ration. \u00ab\u00a0Il s\u2019en sort mieux \u00e0 partir des activit\u00e9s de la terre, par son ardeur au travail \u00bb, affirme pour sa part, un habitant de Bay\u00e9. Y\u00e9zouma Coulibaly est \u00e0 f\u00e9liciter donc pour son courage et son obstination, et l\u2019on peut dire qu\u2019il n\u2019y a rien d\u2019impossible pour celui qui croit en ses capacit\u00e9s de r\u00e9silience. \u00abQuand j\u2019\u00e9tais militaire, si on me proposait de m\u2019investir dans l\u2019agriculture, j\u2019allais me f\u00e2cher, alors que la r\u00e9ussite ne se trouve pas seulement dans un emploi salari\u00e9 \u00bb, rapporte ce caporal qui ne souhaite plus retourner dans les rangs. Y\u00e9zouma Coulibaly, qui a suivi plusieurs formations dans le domaine agricole, ne compte pas s\u2019arr\u00eater en si bon chemin\u2026<\/p>\n<p class=\"c1\"><strong>David Demaison NEBIE<\/strong><br \/><strong>(collaborateur)<\/strong><\/p>\n<div class=\"td-a-rec td-a-rec-id-content_bottom tdi_31_d5d td_block_template_1\"><img loading=\"lazy\" decoding=\"async\" class=\"aligncenter size-full wp-image-22415\" src=\"https:\/\/www.sidwaya.info\/wp-content\/uploads\/2020\/05\/Bandeau-paiement-mobile-site.png\" alt=\"\" width=\"728\" height=\"90\"\/><\/div>\n<p>Auteur: DD. Sidwaya<br \/>\n<a href=\"https:\/\/www.sidwaya.info\/blog\/2020\/06\/08\/yezouma-coulibaly-militaire-radie-de-caporal-a-entrepreneur-agricole\/\">Cliquez ici pour lire l&rsquo;article depuis sa source.<\/a><\/p>\n","protected":false},"excerpt":{"rendered":"<p>Dans le lot des militaires radi\u00e9s, il constitue un bel exemple de reconversion. Depuis son d\u00e9part de l\u2019arm\u00e9e en 2011, Y\u00e9zouma Coulibaly s\u2019est transform\u00e9, avec succ\u00e8s, en entrepreneur agricole dans sa commune natale de Solenzo. Portrait. N\u00e9 en 1985 \u00e0 Bay\u00e9 dans la commune de Solenzo (r\u00e9gion de la Boucle du Mouhoun), Y\u00e9zouma Coulibaly a [&hellip;]<\/p>\n","protected":false},"author":1816,"featured_media":88357,"comment_status":"closed","ping_status":"closed","sticky":false,"template":"","format":"standard","meta":{"fifu_image_url":"","fifu_image_alt":"","footnotes":""},"categories":[73,81],"tags":[],"class_list":["post-88356","post","type-post","status-publish","format-standard","has-post-thumbnail","hentry","category-actualite","category-burkina-faso"],"_links":{"self":[{"href":"https:\/\/linitiative.ca\/International\/wp-json\/wp\/v2\/posts\/88356","targetHints":{"allow":["GET"]}}],"collection":[{"href":"https:\/\/linitiative.ca\/International\/wp-json\/wp\/v2\/posts"}],"about":[{"href":"https:\/\/linitiative.ca\/International\/wp-json\/wp\/v2\/types\/post"}],"author":[{"embeddable":true,"href":"https:\/\/linitiative.ca\/International\/wp-json\/wp\/v2\/users\/1816"}],"replies":[{"embeddable":true,"href":"https:\/\/linitiative.ca\/International\/wp-json\/wp\/v2\/comments?post=88356"}],"version-history":[{"count":0,"href":"https:\/\/linitiative.ca\/International\/wp-json\/wp\/v2\/posts\/88356\/revisions"}],"wp:featuredmedia":[{"embeddable":true,"href":"https:\/\/linitiative.ca\/International\/wp-json\/"}],"wp:attachment":[{"href":"https:\/\/linitiative.ca\/International\/wp-json\/wp\/v2\/media?parent=88356"}],"wp:term":[{"taxonomy":"category","embeddable":true,"href":"https:\/\/linitiative.ca\/International\/wp-json\/wp\/v2\/categories?post=88356"},{"taxonomy":"post_tag","embeddable":true,"href":"https:\/\/linitiative.ca\/International\/wp-json\/wp\/v2\/tags?post=88356"}],"curies":[{"name":"wp","href":"https:\/\/api.w.org\/{rel}","templated":true}]}}