{"id":88358,"date":"2020-06-08T16:30:16","date_gmt":"2020-06-08T20:30:16","guid":{"rendered":"https:\/\/linitiative.ca\/International\/revision-du-fichier-electoral-363-000-nouveaux-electeurs-attendus-dans-la-sous-zone-sahel\/"},"modified":"2020-06-08T16:30:16","modified_gmt":"2020-06-08T20:30:16","slug":"revision-du-fichier-electoral-363-000-nouveaux-electeurs-attendus-dans-la-sous-zone-sahel","status":"publish","type":"post","link":"https:\/\/linitiative.ca\/International\/revision-du-fichier-electoral-363-000-nouveaux-electeurs-attendus-dans-la-sous-zone-sahel\/","title":{"rendered":"R\u00e9vision du fichier \u00e9lectoral  : 363\u00a0000 nouveaux \u00e9lecteurs attendus dans la sous zone Sahel"},"content":{"rendered":"<div class=\"td-post-featured-image\"><a href=\"https:\/\/www.sidwaya.info\/wp-content\/uploads\/2020\/06\/1-14.jpg\" data-caption=\"\"><img loading=\"lazy\" decoding=\"async\" width=\"595\" height=\"381\" class=\"entry-thumb td-modal-image\" src=\"https:\/\/www.sidwaya.info\/wp-content\/uploads\/2020\/06\/1-14.jpg\" srcset=\"https:\/\/www.sidwaya.info\/wp-content\/uploads\/2020\/06\/1-14.jpg 595w, https:\/\/www.sidwaya.info\/wp-content\/uploads\/2020\/06\/1-14-300x192.jpg 300w\" sizes=\"auto, (max-width: 595px) 100vw, 595px\" alt=\"\" title=\"1\"\/><\/a><\/div>\n<p><strong>Le pr\u00e9sident de la Commission \u00e9lectorale ind\u00e9pendante (CENI), Hamed Newton Barry, a lanc\u00e9 officiellement l\u2019op\u00e9ration d\u2019enr\u00f4lement sur les listes \u00e9lectorales dans la province du S\u00e9no, le dimanche 07 juin 2020. Pour la sous zone Sahel comptant 10 provinces, seules 7 seront couvertes du fait de l\u2019ins\u00e9curit\u00e9 et 363\u00a0000 nouveaux \u00e9lecteurs attendus dont 51\u00a0000 au S\u00e9no.<\/strong><\/p>\n<p>Le pr\u00e9sident de la Commission \u00e9lectorale ind\u00e9pendante (CENI), Newton Hamed Barry, a lanc\u00e9 officiellement la r\u00e9vision du fichier \u00e9lectoral dans la sous zone Sahel, comptant 10 provinces le dimanche 7 juin 2020 \u00e0 Dori, chef-lieu du S\u00e9no. En plus du S\u00e9no, il s\u2019agit des provinces du Bam, Kourittenga, de l\u2019Oubritenga, du Passor\u00e9, du Lorum et du Zandoma. L\u2019op\u00e9ration se d\u00e9roulera du 7 juin jusqu\u2019au 16 du m\u00eame mois dans cette sous zone. Cependant, a d\u00e9plor\u00e9 M.Barry, les \u00e9quipes d\u2019enr\u00f4lement ne se rendront pas dans les provinces du Soum, de l\u2019Oudalan et du Yagha.<\/p>\n<p>Il a, en outre, indiqu\u00e9 que sur les six d\u00e9partements que compte le S\u00e9no, seuls trois seront couverts, \u00e0 savoir Dori, Bani et Seytenga. Si pour la commune de Bani, le pr\u00e9sident de la CENI s\u2019est f\u00e9licit\u00e9 du d\u00e9ploiement de ses \u00e9quipes dans les 64 centres d\u2019enr\u00f4lements pr\u00e9vus, ce n\u2019est pas le cas pour les deux autres localit\u00e9s. En effet, a-t-il expliqu\u00e9, sur 89 sites \u00e0 Dori, seuls 8 seront op\u00e9rationnels. Quant \u00e0 Seytenga, M. Barry a r\u00e9v\u00e9l\u00e9 que seulement 5 sites sur 47 seront ouverts. \u00ab\u00a0La CENI ne travaille pas seule et ne d\u00e9cide pas d\u2019elle-m\u00eame d\u2019aller ici ou l\u00e0-bas. C\u2019est apr\u00e8s \u00e9valuation de la commission s\u00e9curitaire, que nous d\u00e9cidons le d\u00e9ploiement de nos \u00e9quipes. Nous avons bon espoir en fonction des informations dont nous disposons, que nous serons en mesure de revenir d\u2019ici le 23 juin et de repartir dans les trois provinces du Sahel, les trois localit\u00e9s du S\u00e9no et les autres sites non couverts\u00a0\u00bb, a promis M Barry. Et d\u2019ajouter que ses \u00e9quipes iront dans toutes les localit\u00e9s qui n\u2019ont pu \u00eatre couvertes du fait de l\u2019ins\u00e9curit\u00e9. Pour ce faire, a-t-il soutenu, un calendrier sera annonc\u00e9 \u00e0 partir du 23 juin, et ce, pour ne pas abandonner ni un citoyen ni une localit\u00e9. Pour lui, il est attendu un potentiel de 363\u00a0000 nouveaux \u00e9lecteurs dans les 7 provinces dont 51\u00a0000 dans le S\u00e9no avec 68% de femmes.<br \/>\u00ab\u00a0Dans les 7 provinces, si les projections se confirment nous comptons enr\u00f4ler 363\u00a0000 nouveaux \u00e9lecteurs dont 51\u00a0000 pour la seule province du S\u00e9no y compris 68% de femmes\u00a0\u00bb.<\/p>\n<div class=\"td-a-rec td-a-rec-id-content_inline tdi_30_fed td_block_template_1\"><img loading=\"lazy\" decoding=\"async\" class=\"aligncenter size-full wp-image-21314\" src=\"https:\/\/www.sidwaya.info\/wp-content\/uploads\/2020\/04\/Bandeau-Covid-19-Sidwaya-1.jpg\" alt=\"\" width=\"790\" height=\"98\"\/><\/div>\n<p><strong>Ne pas exposer la vie d\u2019autrui<\/strong><\/p>\n<p>A en croire M Barry, les \u00e9quipes de la CENI se d\u00e9ploient sur le terrain dans le strict respect du principe de pr\u00e9caution de la vie. \u00ab\u00a0Pour le respect de la vie des gens, nous pouvons diff\u00e9rer l\u2019enr\u00f4lement. Mais quand on enl\u00e8ve la vie de quelqu\u2019un, il n\u2019y a plus de deuxi\u00e8me tour ni de deuxi\u00e8me chance. Nous ne voulons pas exposer la vie des gens que nous envoyons et celle de ceux qui nous re\u00e7oivent\u00a0\u00bb, a-t-il clarifi\u00e9.<br \/>Malgr\u00e9 les difficult\u00e9s cette ann\u00e9e, estime M. Barry, un million d\u2019enr\u00f4l\u00e9s a d\u00e9j\u00e0 \u00e9t\u00e9 atteint. A l\u2019entendre, ce chiffre est une premi\u00e8re depuis 2012, lors de la r\u00e9vision du fichier \u00e9lectoral. C\u2019est dans cette optique, qu\u2019il fonde espoir cette ann\u00e9e qu\u2019au minimum deux millions de personnes seront enr\u00f4l\u00e9es.<\/p>\n<p>Le gouverneur de la r\u00e9gion du Sahel, le colonel-major Salfo Kabor\u00e9, a \u00e9t\u00e9 le premier \u00e0 s\u2019inscrire. A l\u2019issue de son enr\u00f4lement, il a invit\u00e9 les Sah\u00e9liens \u00e0 r\u00e9v\u00e9ler un troisi\u00e8me d\u00e9fi en plus de la lutte contre le terrorisme et la COVID-19. Selon lui, les populations doivent relever le d\u00e9fi de la d\u00e9mocratie, de l\u2019avenir et de l\u2019optimisme en se faisant enr\u00f4ler en vue d\u2019avoir des cartes d\u2019\u00e9lecteur. \u00ab\u00a0Les \u00e9ch\u00e9ances approchent et nous allons relever le d\u00e9fi de la participation. C\u2019est pourquoi, nous souhaitons que d\u2019ici \u00e0 novembre prochain nos fr\u00e8res et s\u0153urs retournent chez eux et regagnent leurs champs, les centres de sant\u00e9 et les \u00e9coles dans la qui\u00e9tude. Ainsi, la vie reviendra normale au Sahel de sorte que nous puissions aller d\u00e9signer ceux qui vont \u00e9clairer la route pour un avenir radieux du Burkina Faso\u00a0\u00bb, a-t-il esp\u00e9r\u00e9.<\/p>\n<p class=\"c1\"><strong>Souaibou NOMBRE<\/strong><br \/><strong>Snombre29@yahoo.fr<\/strong><\/p>\n<div class=\"td-a-rec td-a-rec-id-content_bottom tdi_31_edf td_block_template_1\"><img loading=\"lazy\" decoding=\"async\" class=\"aligncenter size-full wp-image-22415\" src=\"https:\/\/www.sidwaya.info\/wp-content\/uploads\/2020\/05\/Bandeau-paiement-mobile-site.png\" alt=\"\" width=\"728\" height=\"90\"\/><\/div>\n<p>Auteur: DD. Sidwaya<br \/>\n<a href=\"https:\/\/www.sidwaya.info\/blog\/2020\/06\/08\/revision-du-fichier-electoral-363-000-nouveaux-electeurs-attendus-dans-la-sous-zone-sahel\/\">Cliquez ici pour lire l&rsquo;article depuis sa source.<\/a><\/p>\n","protected":false},"excerpt":{"rendered":"<p>Le pr\u00e9sident de la Commission \u00e9lectorale ind\u00e9pendante (CENI), Hamed Newton Barry, a lanc\u00e9 officiellement l\u2019op\u00e9ration d\u2019enr\u00f4lement sur les listes \u00e9lectorales dans la province du S\u00e9no, le dimanche 07 juin 2020. Pour la sous zone Sahel comptant 10 provinces, seules 7 seront couvertes du fait de l\u2019ins\u00e9curit\u00e9 et 363\u00a0000 nouveaux \u00e9lecteurs attendus dont 51\u00a0000 au S\u00e9no. [&hellip;]<\/p>\n","protected":false},"author":1816,"featured_media":88359,"comment_status":"closed","ping_status":"closed","sticky":false,"template":"","format":"standard","meta":{"fifu_image_url":"","fifu_image_alt":"","footnotes":""},"categories":[73,81],"tags":[],"class_list":["post-88358","post","type-post","status-publish","format-standard","has-post-thumbnail","hentry","category-actualite","category-burkina-faso"],"_links":{"self":[{"href":"https:\/\/linitiative.ca\/International\/wp-json\/wp\/v2\/posts\/88358","targetHints":{"allow":["GET"]}}],"collection":[{"href":"https:\/\/linitiative.ca\/International\/wp-json\/wp\/v2\/posts"}],"about":[{"href":"https:\/\/linitiative.ca\/International\/wp-json\/wp\/v2\/types\/post"}],"author":[{"embeddable":true,"href":"https:\/\/linitiative.ca\/International\/wp-json\/wp\/v2\/users\/1816"}],"replies":[{"embeddable":true,"href":"https:\/\/linitiative.ca\/International\/wp-json\/wp\/v2\/comments?post=88358"}],"version-history":[{"count":0,"href":"https:\/\/linitiative.ca\/International\/wp-json\/wp\/v2\/posts\/88358\/revisions"}],"wp:featuredmedia":[{"embeddable":true,"href":"https:\/\/linitiative.ca\/International\/wp-json\/"}],"wp:attachment":[{"href":"https:\/\/linitiative.ca\/International\/wp-json\/wp\/v2\/media?parent=88358"}],"wp:term":[{"taxonomy":"category","embeddable":true,"href":"https:\/\/linitiative.ca\/International\/wp-json\/wp\/v2\/categories?post=88358"},{"taxonomy":"post_tag","embeddable":true,"href":"https:\/\/linitiative.ca\/International\/wp-json\/wp\/v2\/tags?post=88358"}],"curies":[{"name":"wp","href":"https:\/\/api.w.org\/{rel}","templated":true}]}}