{"id":88365,"date":"2020-06-08T15:18:04","date_gmt":"2020-06-08T19:18:04","guid":{"rendered":"https:\/\/linitiative.ca\/International\/gambie-reprise-des-audiences-de-la-commission-verite-reconciliation-et-reparation\/"},"modified":"2020-06-08T15:18:04","modified_gmt":"2020-06-08T19:18:04","slug":"gambie-reprise-des-audiences-de-la-commission-verite-reconciliation-et-reparation","status":"publish","type":"post","link":"https:\/\/linitiative.ca\/International\/gambie-reprise-des-audiences-de-la-commission-verite-reconciliation-et-reparation\/","title":{"rendered":"Gambie : reprise des audiences de la Commission v\u00e9rit\u00e9, r\u00e9conciliation et r\u00e9paration"},"content":{"rendered":"<div readability=\"32\">\n<p>Publi\u00e9 le 08.06.2020 \u00e0 20h18 par APA News<\/p>\n<\/div>\n<div readability=\"76\">\n<p>Apr\u00e8s un cong\u00e9 de trois mois en raison de la pand\u00e9mie de coronavirus, la Commission v\u00e9rit\u00e9, r\u00e9conciliation et r\u00e9paration gambienne (TRRC) a repris ses travaux lundi a appris APA .Pour cette reprise, la Commission se penche sur des t\u00e9moignages des violations pr\u00e9sum\u00e9es de l\u2019ancien pr\u00e9sident Yahya Jammeh en exil en Guin\u00e9e \u00e9quatoriale et qui a dirig\u00e9 la Gambie pendant 22 ans.<\/p>\n<p>\u00a0La TRRC reprendra l\u00e0 o\u00f9 elle s\u2019\u00e9tait arr\u00eat\u00e9e, en entendant des cas d\u2019abus pr\u00e9sum\u00e9s des cort\u00e8ges motoris\u00e9s du pr\u00e9sident Jammeh et des conditions de d\u00e9tention.<\/p>\n<p>\u00a0Le 18 mars 2020, deux jours seulement apr\u00e8s le d\u00e9but de sa 13e session, la TRRC a suspendu les audiences publiques suite aux mesures de restriction annonc\u00e9es par le gouvernement pour freiner la propagation du coronavirus en Gambie.<\/p>\n<p>\u00a0Lors de sa derni\u00e8re session en mars, seuls deux t\u00e9moins avaient comparu devant la Commission qui depuis le 7 janvier 2019 avait entendu les d\u00e9positions de 219 t\u00e9moins.<\/p>\n<p>\u00a0Parmi ces t\u00e9moins, on comptait 54 femmes, 40 auteurs pr\u00e9sum\u00e9s de violations et une poign\u00e9e de t\u00e9moins experts.<\/p>\n<p>\u00a0Vingt-cinq t\u00e9moins bas\u00e9s dans la diaspora gambienne ont \u00e9galement t\u00e9moign\u00e9 par liaison vid\u00e9o pendant cette p\u00e9riode.<\/p>\n<p>\u00a0A partir de lundi, la TRRC entendra des t\u00e9moignages sur les attaques ill\u00e9gales contre les usagers de la route ostensiblement par les convois de Jammeh avec une session sur les audiences institutionnelles li\u00e9es au syst\u00e8me p\u00e9nitentiaire et les violations des droits des d\u00e9tenus et des prisonniers \u00e9galement pr\u00e9vue pour le mois de juin.<\/p>\n<p>\u00a0Le 29 avril 2020, la TRRC a pr\u00e9sent\u00e9 au procureur g\u00e9n\u00e9ral et au ministre de la Justice un rapport int\u00e9rimaire, requis par la loi, d\u00e9taillant ses activit\u00e9s pour la premi\u00e8re ann\u00e9e de son existence. \u00a0<\/p>\n<p>\u00a0Les conclusions ou recommandations seront soumises au gouvernement dans un rapport final attendu en fin d\u2019ann\u00e9e.<\/p>\n<\/div>\n<p>Auteur: APA News<br \/>\n<a href=\"https:\/\/www.journalducameroun.com\/gambie-reprise-des-audiences-de-la-commission-verite-reconciliation-et-reparation\/\">Cliquez ici pour lire l&rsquo;article depuis sa source.<\/a><\/p>\n","protected":false},"excerpt":{"rendered":"<p>Publi\u00e9 le 08.06.2020 \u00e0 20h18 par APA News Apr\u00e8s un cong\u00e9 de trois mois en raison de la pand\u00e9mie de coronavirus, la Commission v\u00e9rit\u00e9, r\u00e9conciliation et r\u00e9paration gambienne (TRRC) a repris ses travaux lundi a appris APA .Pour cette reprise, la Commission se penche sur des t\u00e9moignages des violations pr\u00e9sum\u00e9es de l\u2019ancien pr\u00e9sident Yahya Jammeh [&hellip;]<\/p>\n","protected":false},"author":1965,"featured_media":0,"comment_status":"closed","ping_status":"closed","sticky":false,"template":"","format":"standard","meta":{"fifu_image_url":"","fifu_image_alt":"","footnotes":""},"categories":[73,82],"tags":[],"class_list":["post-88365","post","type-post","status-publish","format-standard","hentry","category-actualite","category-cameroun"],"_links":{"self":[{"href":"https:\/\/linitiative.ca\/International\/wp-json\/wp\/v2\/posts\/88365","targetHints":{"allow":["GET"]}}],"collection":[{"href":"https:\/\/linitiative.ca\/International\/wp-json\/wp\/v2\/posts"}],"about":[{"href":"https:\/\/linitiative.ca\/International\/wp-json\/wp\/v2\/types\/post"}],"author":[{"embeddable":true,"href":"https:\/\/linitiative.ca\/International\/wp-json\/wp\/v2\/users\/1965"}],"replies":[{"embeddable":true,"href":"https:\/\/linitiative.ca\/International\/wp-json\/wp\/v2\/comments?post=88365"}],"version-history":[{"count":0,"href":"https:\/\/linitiative.ca\/International\/wp-json\/wp\/v2\/posts\/88365\/revisions"}],"wp:attachment":[{"href":"https:\/\/linitiative.ca\/International\/wp-json\/wp\/v2\/media?parent=88365"}],"wp:term":[{"taxonomy":"category","embeddable":true,"href":"https:\/\/linitiative.ca\/International\/wp-json\/wp\/v2\/categories?post=88365"},{"taxonomy":"post_tag","embeddable":true,"href":"https:\/\/linitiative.ca\/International\/wp-json\/wp\/v2\/tags?post=88365"}],"curies":[{"name":"wp","href":"https:\/\/api.w.org\/{rel}","templated":true}]}}